{"id":236544,"date":"2024-07-30T19:49:22","date_gmt":"2024-07-30T17:49:22","guid":{"rendered":"https:\/\/www.quicosenza.it\/news\/?p=236544"},"modified":"2024-07-30T19:51:57","modified_gmt":"2024-07-30T17:51:57","slug":"trema-la-terra-in-calabria-scossa-di-magnitudo-3-5-con-epicentro-a-dasa","status":"publish","type":"post","link":"https:\/\/quicosenza.it\/news\/trema-la-terra-in-calabria-scossa-di-magnitudo-3-5-con-epicentro-a-dasa\/","title":{"rendered":"Trema la terra in Calabria, scossa di magnitudo 3.5 con epicentro a Das\u00e0"},"content":{"rendered":"<p>VIBO VALENTIA &#8211; Paura in provincia di Vibo Valentia dove si \u00e8 verificato <strong>un terremoto di magnitudo 3.5 ad una profondit\u00e0 di 18 km.<\/strong><\/p>\n<p>L\u2019evento, secondo quanto rilevato dalla Sala Sismica Ingv, si \u00e8 verificato alle 19.04 con epicentro a Das\u00e0.<strong> Il sisma \u00e8 stato avvertito chiaramente dalla popolazione. Non si registrano al momento danni.<\/strong><\/p>\n","protected":false},"excerpt":{"rendered":"<p>VIBO VALENTIA &#8211; Paura in provincia di Vibo Valentia dove si \u00e8 verificato un terremoto di magnitudo 3.5 ad una profondit\u00e0 di 18 km. L\u2019evento, secondo quanto rilevato dalla Sala Sismica Ingv, si \u00e8 verificato alle 19.04 con epicentro a Das\u00e0. Il sisma \u00e8 stato avvertito chiaramente dalla popolazione. Non si registrano al momento danni.<\/p>\n","protected":false},"author":61,"featured_media":194265,"comment_status":"closed","ping_status":"closed","sticky":false,"template":"","format":"standard","meta":{"_acf_changed":false,"footnotes":"","jetpack_publicize_message":"","jetpack_publicize_feature_enabled":true,"jetpack_social_post_already_shared":false,"jetpack_social_options":{"image_generator_settings":{"template":"highway","default_image_id":0,"font":"","enabled":false},"version":2}},"categories":[17],"tags":[19],"class_list":["post-236544","post","type-post","status-publish","format-standard","has-post-thumbnail","hentry","category-calabria","tag-copertina"],"acf":[],"jetpack_publicize_connections":[],"_links":{"self":[{"href":"https:\/\/quicosenza.it\/news\/wp-json\/wp\/v2\/posts\/236544","targetHints":{"allow":["GET"]}}],"collection":[{"href":"https:\/\/quicosenza.it\/news\/wp-json\/wp\/v2\/posts"}],"about":[{"href":"https:\/\/quicosenza.it\/news\/wp-json\/wp\/v2\/types\/post"}],"author":[{"embeddable":true,"href":"https:\/\/quicosenza.it\/news\/wp-json\/wp\/v2\/users\/61"}],"replies":[{"embeddable":true,"href":"https:\/\/quicosenza.it\/news\/wp-json\/wp\/v2\/comments?post=236544"}],"version-history":[{"count":0,"href":"https:\/\/quicosenza.it\/news\/wp-json\/wp\/v2\/posts\/236544\/revisions"}],"wp:featuredmedia":[{"embeddable":true,"href":"https:\/\/quicosenza.it\/news\/wp-json\/wp\/v2\/media\/194265"}],"wp:attachment":[{"href":"https:\/\/quicosenza.it\/news\/wp-json\/wp\/v2\/media?parent=236544"}],"wp:term":[{"taxonomy":"category","embeddable":true,"href":"https:\/\/quicosenza.it\/news\/wp-json\/wp\/v2\/categories?post=236544"},{"taxonomy":"post_tag","embeddable":true,"href":"https:\/\/quicosenza.it\/news\/wp-json\/wp\/v2\/tags?post=236544"}],"curies":[{"name":"wp","href":"https:\/\/api.w.org\/{rel}","templated":true}]}}