{"id":236546,"date":"2024-07-30T21:00:11","date_gmt":"2024-07-30T19:00:11","guid":{"rendered":"https:\/\/www.quicosenza.it\/news\/?p=236546"},"modified":"2024-07-30T21:00:11","modified_gmt":"2024-07-30T19:00:11","slug":"cosenza-concesso-parte-di-san-domenico-allunical-destinata-al-corso-di-scienze-infermieristiche","status":"publish","type":"post","link":"https:\/\/quicosenza.it\/news\/cosenza-concesso-parte-di-san-domenico-allunical-destinata-al-corso-di-scienze-infermieristiche\/","title":{"rendered":"Cosenza, concesso parte di San Domenico all&#8217;Unical: destinata al corso di Scienze infermieristiche"},"content":{"rendered":"<p align=\"justify\">COSENZA &#8211; Il Consiglio comunale, riunitosi sotto la Presidenza di Giuseppe Mazzuca, oltre alle pratiche di bilancio (Documento Unico di Programmazione e salvaguardia degli equilibri di bilancio) e agli altri punti all&#8217;ordine del giorno, ha approvato all&#8217;unanimit\u00e0, con il voto favorevole anche della minoranza, la concessione <strong>in uso di parte del complesso monumentale di San Domenico all&#8217;Universit\u00e0 della Calabria per le attivit\u00e0 del Corso di laurea in Scienze infermieristiche. Particolare soddisfazione \u00e8 stata espressa dal Sindaco Franz Caruso che ha apprezzato l&#8217;atteggiamento della minoranza<\/strong>, in particolare dei consiglieri Giuseppe D&#8217;Ippolito e Alfredo Dodaro, che hanno votato a favore, dopo l&#8217;invito dello stesso primo cittadino a riconsiderare la loro iniziale posizione che era stata esplicitata da D&#8217;Ippolito, orientato, come il collega Dodaro, della stessa minoranza, ad esprimere un voto di astensione.<\/p>\n<p align=\"justify\"><span>Franz Caruso nel suo intervento ha considerato la pratica particolarmente importante. Ha ringraziato in modo particolare i consiglieri delegati al patrimonio Antonello Costanzo, che l&#8217;ha illustrata e Francesco Alimena (delegato al CIS e ad Agenda Urbana) <strong>per l&#8217;impegno profuso. &#8220;Non sta a me dire se quello di stasera \u00e8 un un momento storico o, come ha detto, bont\u00e0 sua, il consigliere D&#8217;Ippolito, una grande vittoria del Sindaco. La vittoria \u00e8 della citt\u00e0, non \u00e8 del Sindaco che ha solo portato avanti, insieme a tutta una squadra, un lavoro che ha fatto s\u00ec che ogni granello servisse a formare una spiaggia&#8221;.<\/strong> Franz Caruso ha ricordato che quella della concessione all&#8217;Unical di parte del complesso di San Domenico \u00e8 &#8220;un&#8217;idea che nasce da lontano, dallo stesso atto fondativo dell&#8217;Universit\u00e0 della Calabria che ha visto la luce in questi palazzi e in questa citt\u00e0, ma che poi ha conosciuto la realizzazione del suo campus meraviglioso che oggi l&#8217;ha portata ad essere la prima Universit\u00e0 del Paese.<\/span><\/p>\n<p align=\"justify\"><span> Un risultato di cui siamo orgogliosi e fieri per il cammino che ha compiuto in tutti questi anni. <strong>E siamo oltremodo orgogliosi della nostra Universit\u00e0 perch\u00e9 sbarca nella nostra citt\u00e0 e nel nostro centro storico, in uno dei nostri monumenti pi\u00f9 belli che non a caso abbiamo voluto destinare ad un&#8217;attivit\u00e0 culturale e formativa cos\u00ec importante e significativa<\/strong>. Un risultato, questo \u2013 ha sottolineato ancora Franz Caruso \u2013 che mi inorgoglisce come Sindaco e come cittadino di Cosenza e dell&#8217;area urbana e che vede in queste attivit\u00e0 lo sviluppo di quel progetto teso ad unificare i servizi, ma anche la cultura. Mettere insieme questi presidi culturali \u00e8 veramente qualcosa di particolarmente importante. I 600 studenti che oggi rappresentano l&#8217;Universit\u00e0 della nostra citt\u00e0 \u2013 ha aggiunto il Sindaco &#8211; sono il futuro delle nostra classe dirigente in questi settori. San Domenico \u00e8 a due passi dall&#8217;Ospedale che vedr\u00e0 gli studenti impegnati in quelle pratiche formative che sono previste dal corso di scienze infermieristiche. 600 giovani studenti che sbarcano nel nostro centro storico rappresentano una parte dello sviluppo del nostro territorio in termini di vitalit\u00e0. Non \u00e8 un caso \u2013 ha continuato Franz Caruso \u2013 che ci stiamo impegnando per reperire anche quelle strutture che possono essere messe a disposizione per la residenzialit\u00e0 universitaria. <\/span><\/p>\n<p align=\"justify\"><span>Tutto questo fa il paio con quel percorso che abbiamo iniziato con il CIS, salvandolo per i capelli, perch\u00e9 aver portato nel nostro centro storico dieci start-up che lo stanno vivendo, dando corpo a momenti di autentica condivisione, significa dare un contributo di crescita della stessa parte antica della nostra citt\u00e0. Una gran parte degli studenti che vivranno nel centro storico sono l&#8217;iniezione pi\u00f9 importante per tornare a credere nella parte pi\u00f9 bella della nostra citt\u00e0&#8221;. <strong>Il Sindaco Franz Caruso ha poi rivolto un particolare ringraziamento al Rettore dell&#8217;Universit\u00e0 della Calabria, prof.Nicola Leone. &#8220;Non smetter\u00f2 mai di ringraziarlo abbastanza.<\/strong> Con lui sono nate una collaborazione e una comunione d&#8217;intenti che ci hanno fatto realizzare un progetto ambizioso, ma assolutamente storico per la citt\u00e0, non per chi ha guidato questo processo che aveva il dovere e l&#8217;obbligo di farlo. Ci abbiamo creduto fortemente e abbiamo creato le condizioni perch\u00e9 si realizzasse. Non \u00e8 stato un percorso facile, ma laborioso e che oggi \u00e8 stato, con soddisfazione, portato a compimento&#8221;.<strong> Quindi il Sindaco ha tranquillizzato il consigliere Giuseppe D&#8217;Ippolito sulla sorte futura del BoCs Museum. &#8220;Non abbiamo accantonato o sminuito il valore di un&#8217;opera realizzata dalla precedente amministrazione&#8221;. <\/strong><\/span><\/p>\n<p align=\"justify\"><span>E Franz Caruso ha manifestato anche l&#8217;intenzione di custodire le opere di arte contemporanea acquisite al patrimonio della citt\u00e0 e che erano ospitate all&#8217;interno del Museo. &#8220;<strong>Tutti quanti noi abbiamo a cuore lo sviluppo di iniziative positive per la citt\u00e0 e soprattutto il mantenimento e la valorizzazione del nostro patrimonio. Ma veramente si vuole far credere che io non voglia destinare alla loro funzione originaria i BoCs Art?<\/strong> Purtroppo, per\u00f2, non \u00e8 facile il recupero di quelle strutture o individuarne le finalit\u00e0. Sono arrivate pi\u00f9 proposte ma che non si sono ancora concretizzate&#8221;. Al termine del suo intervento il Sindaco \u00e8 tornato sulla questione della citt\u00e0 unica. <\/span><\/p>\n<p align=\"justify\"><span>&#8220;Sono favorevole alla citt\u00e0 unica \u2013 ha rimarcato Franz Caruso \u2013 ho sempre parlato di area vasta metropolitana, ma mi va bene anche la citt\u00e0 unica, per\u00f2 sempre nel rispetto dei principi democratici della nostra Costituzione. Io non credo che nessun Presidente di Regione possa sciogliere comuni. Noi tutti siamo stati eletti dai cittadini. <strong>Noi tutti rappresentiamo la volont\u00e0 popolare e siamo qui in funzione del mandato che abbiamo ricevuto dai cittadini ed \u00e8 su questo che porto avanti una battaglia di difesa di valori e di principi.<\/strong> Ma in quella visione di unione di territori e di fusione di esperienze anche amministrative c&#8217;\u00e8 un&#8217;idea che \u00e8 gi\u00e0 partita e che noi abbiamo portato avanti dal primo momento e noi andremo in quella direzione gi\u00e0 presente in tanti punti del nostro programma. Lo faremo sempre con la responsabilit\u00e0 che i cittadini ci hanno dato, difendendo le istituzioni democraticamente elette e i consigli comunali che sono detentori del mandato che i cittadini ci hanno conferito&#8221;.<\/span><\/p>\n","protected":false},"excerpt":{"rendered":"<p>COSENZA &#8211; Il Consiglio comunale, riunitosi sotto la Presidenza di Giuseppe Mazzuca, oltre alle pratiche di bilancio (Documento Unico di Programmazione e salvaguardia degli equilibri di bilancio) e agli altri punti all&#8217;ordine del giorno, ha approvato all&#8217;unanimit\u00e0, con il voto favorevole anche della minoranza, la concessione in uso di parte del complesso monumentale di San [&hellip;]<\/p>\n","protected":false},"author":61,"featured_media":218420,"comment_status":"closed","ping_status":"closed","sticky":false,"template":"","format":"standard","meta":{"_acf_changed":false,"footnotes":"","jetpack_publicize_message":"","jetpack_publicize_feature_enabled":true,"jetpack_social_post_already_shared":false,"jetpack_social_options":{"image_generator_settings":{"template":"highway","default_image_id":0,"font":"","enabled":false},"version":2}},"categories":[563,42],"tags":[19],"class_list":["post-236546","post","type-post","status-publish","format-standard","has-post-thumbnail","hentry","category-area-urbana","category-cosenza","tag-copertina"],"acf":[],"jetpack_publicize_connections":[],"_links":{"self":[{"href":"https:\/\/quicosenza.it\/news\/wp-json\/wp\/v2\/posts\/236546","targetHints":{"allow":["GET"]}}],"collection":[{"href":"https:\/\/quicosenza.it\/news\/wp-json\/wp\/v2\/posts"}],"about":[{"href":"https:\/\/quicosenza.it\/news\/wp-json\/wp\/v2\/types\/post"}],"author":[{"embeddable":true,"href":"https:\/\/quicosenza.it\/news\/wp-json\/wp\/v2\/users\/61"}],"replies":[{"embeddable":true,"href":"https:\/\/quicosenza.it\/news\/wp-json\/wp\/v2\/comments?post=236546"}],"version-history":[{"count":0,"href":"https:\/\/quicosenza.it\/news\/wp-json\/wp\/v2\/posts\/236546\/revisions"}],"wp:featuredmedia":[{"embeddable":true,"href":"https:\/\/quicosenza.it\/news\/wp-json\/wp\/v2\/media\/218420"}],"wp:attachment":[{"href":"https:\/\/quicosenza.it\/news\/wp-json\/wp\/v2\/media?parent=236546"}],"wp:term":[{"taxonomy":"category","embeddable":true,"href":"https:\/\/quicosenza.it\/news\/wp-json\/wp\/v2\/categories?post=236546"},{"taxonomy":"post_tag","embeddable":true,"href":"https:\/\/quicosenza.it\/news\/wp-json\/wp\/v2\/tags?post=236546"}],"curies":[{"name":"wp","href":"https:\/\/api.w.org\/{rel}","templated":true}]}}