{"id":236609,"date":"2024-07-31T17:55:10","date_gmt":"2024-07-31T15:55:10","guid":{"rendered":"https:\/\/www.quicosenza.it\/news\/?p=236609"},"modified":"2024-07-31T17:55:53","modified_gmt":"2024-07-31T15:55:53","slug":"ennesima-tegola-nella-vertenza-abramo-fibercop-revoca-i-volumi","status":"publish","type":"post","link":"https:\/\/quicosenza.it\/news\/ennesima-tegola-nella-vertenza-abramo-fibercop-revoca-i-volumi\/","title":{"rendered":"Ennesima tegola nella vertenza Abramo, Fibercop revoca i volumi"},"content":{"rendered":"<p>RENDE &#8211; Nuovi problemi per la Abramo Customer Care, e ancora posti di lavoro a rischio. &#8220;Sembrerebbe infatti &#8211; dichiara Daniele Carchidi, Slc Cgil nazionale &#8211; che<strong> Fibercop<\/strong>, <strong>a<\/strong> <strong>partire dal 1 agosto<\/strong>, avrebbe intenzione di <strong>revocare la commessa 187<\/strong> <strong>tecnico<\/strong> ad Abramo Customer Care, con conseguente <strong>messa in cassa integrazione a zero ore<\/strong> per ogli oltre<strong> 100 addetti interessati tra Rende e Palermo<\/strong>. In prossimit\u00e0 dell&#8217;incontro fissato il 5 agosto presso il Mimit, in cui ci si dovr\u00e0 confrontare del futuro di <strong>circa 1.000 lavoratrici e lavoratori<\/strong>, questa ulteriore tegola incrina ancor di pi\u00f9 le speranze di risoluzione della vertenza. Se Fibercop\u00a0pensa di non esser parte in causa di questa vertenza, sbaglia clamorosamente&#8221;.<\/p>\n<p>&#8220;Una <strong>azienda<\/strong> &#8211; continua Carchidi &#8211; <strong>nel cui capitale sociale \u00e8 presente un&#8217;importante componente governativa<\/strong> non pu\u00f2 attuare scelte che portano a macelleria sociale in territori con <strong>percentuali di disoccupazione a doppia cifra<\/strong>. Nel corso dell&#8217;incontro del prossimo 5 agosto, <strong>chiederemo al Governo di intervenire fattivamente su Fibercop<\/strong> a salvaguardia dell&#8217;occupazione.<strong> La vertenza Abramo CC \u00e8 gi\u00e0 ricolma di insidie e difficolt\u00e0,<\/strong> aggiungere un ulteriore tassello \u00e8 moralmente ed eticamente deplorevole, se per di pi\u00f9 avviene da un&#8217;azienda partecipata dallo stato l&#8217;azione \u00e8 ancor pi\u00f9 grave e vergognosa. Fibercop, per quanto detto sopra, potrebbe infatti attivare la legge 11\/2016, cosiddetta clausola sociale nei call center, effettuando un cambio d&#8217;appalto e salvaguardando i lavoratori su esso impiegati, assolvendo pienamente &#8211; conclude &#8211; anche alla sua mission sociale e scongiurando una tragedia lavorativa in una <strong>regione gi\u00e0 falcidiata dalla disoccupazione&#8221;.<\/strong><\/p>\n","protected":false},"excerpt":{"rendered":"<p>RENDE &#8211; Nuovi problemi per la Abramo Customer Care, e ancora posti di lavoro a rischio. &#8220;Sembrerebbe infatti &#8211; dichiara Daniele Carchidi, Slc Cgil nazionale &#8211; che Fibercop, a partire dal 1 agosto, avrebbe intenzione di revocare la commessa 187 tecnico ad Abramo Customer Care, con conseguente messa in cassa integrazione a zero ore per [&hellip;]<\/p>\n","protected":false},"author":42,"featured_media":154135,"comment_status":"closed","ping_status":"closed","sticky":false,"template":"","format":"standard","meta":{"_acf_changed":false,"footnotes":"","jetpack_publicize_message":"","jetpack_publicize_feature_enabled":true,"jetpack_social_post_already_shared":false,"jetpack_social_options":{"image_generator_settings":{"template":"highway","default_image_id":0,"font":"","enabled":false},"version":2}},"categories":[563],"tags":[19],"class_list":["post-236609","post","type-post","status-publish","format-standard","has-post-thumbnail","hentry","category-area-urbana","tag-copertina"],"acf":[],"jetpack_publicize_connections":[],"_links":{"self":[{"href":"https:\/\/quicosenza.it\/news\/wp-json\/wp\/v2\/posts\/236609","targetHints":{"allow":["GET"]}}],"collection":[{"href":"https:\/\/quicosenza.it\/news\/wp-json\/wp\/v2\/posts"}],"about":[{"href":"https:\/\/quicosenza.it\/news\/wp-json\/wp\/v2\/types\/post"}],"author":[{"embeddable":true,"href":"https:\/\/quicosenza.it\/news\/wp-json\/wp\/v2\/users\/42"}],"replies":[{"embeddable":true,"href":"https:\/\/quicosenza.it\/news\/wp-json\/wp\/v2\/comments?post=236609"}],"version-history":[{"count":0,"href":"https:\/\/quicosenza.it\/news\/wp-json\/wp\/v2\/posts\/236609\/revisions"}],"wp:featuredmedia":[{"embeddable":true,"href":"https:\/\/quicosenza.it\/news\/wp-json\/wp\/v2\/media\/154135"}],"wp:attachment":[{"href":"https:\/\/quicosenza.it\/news\/wp-json\/wp\/v2\/media?parent=236609"}],"wp:term":[{"taxonomy":"category","embeddable":true,"href":"https:\/\/quicosenza.it\/news\/wp-json\/wp\/v2\/categories?post=236609"},{"taxonomy":"post_tag","embeddable":true,"href":"https:\/\/quicosenza.it\/news\/wp-json\/wp\/v2\/tags?post=236609"}],"curies":[{"name":"wp","href":"https:\/\/api.w.org\/{rel}","templated":true}]}}