{"id":236643,"date":"2024-08-01T10:00:28","date_gmt":"2024-08-01T08:00:28","guid":{"rendered":"https:\/\/www.quicosenza.it\/news\/?p=236643"},"modified":"2024-08-01T09:29:43","modified_gmt":"2024-08-01T07:29:43","slug":"a-piedi-da-parigi-a-lourdes-don-santo-borrelli-sulla-tomba-di-san-francesco-di-paola","status":"publish","type":"post","link":"https:\/\/quicosenza.it\/news\/a-piedi-da-parigi-a-lourdes-don-santo-borrelli-sulla-tomba-di-san-francesco-di-paola\/","title":{"rendered":"A piedi da Parigi a Lourdes, don Santo Borrelli sulla tomba di San Francesco di Paola"},"content":{"rendered":"<p>COSENZA &#8211; Don Santo Borrelli \u00e8 <a href=\"https:\/\/quicosenza.it\/news\/area-urbana\/a-piedi-da-parigi-a-lourdes-il-parroco-di-donnici-si-rimette-in-cammino\">partito lo scorso 22 luglio<\/a> da una blindatissima Parigi, dove si stanno svolgendo le Olimpiadi e <strong>percorrendo<\/strong> essenzialmente <strong>ambienti rurali<\/strong> della regione della \u201cValle della Loira\u201d, con grande emozione <strong>ha coronato il sogno di pregare sulla tomba di San Francesco di Paola<\/strong>, morto il 2 aprile 1507, dopo aver convertito, sul letto di morte, il Sovrano francese Luigi XI. <strong>Il tutto in un abbraccio ideale con la Citt\u00e0 di Paola dove San Francesco \u00e8 nato il 27 marzo 1416<\/strong>.<\/p>\n<p>Non \u00e8 un caso, quindi, che don Santo prima di imbarcarsi sull\u2019aereo per Parigi abbia voluto affidarsi a San Francesco di Paola visitando la Casa Natale e la Basilica allo stesso dedicata e dove sono custodite diverse sue Reliquie. Proprio per tale fine, <strong>don Santo e il suo compagno di viaggio, Vincenzo<\/strong>, stanno camminando <strong>con un cordone dell\u2019abito Minimo<\/strong>, acquistati a Paola che, simbolicamente, vogliono \u201ccollegare\u201d i luoghi pi\u00f9 significativi del Santo: quelli della nascita e della morte.<\/p>\n<p><img loading=\"lazy\" decoding=\"async\" class=\"wp-image-236647 aligncenter\" src=\"https:\/\/quicosenza.it\/news\/wp-content\/uploads\/2024\/08\/Casa-Natale-S.Francesco-Paola.jpg\" alt=\"\" width=\"533\" height=\"333\" title=\"\" srcset=\"https:\/\/quicosenza.it\/news\/wp-content\/uploads\/2024\/08\/Casa-Natale-S.Francesco-Paola.jpg 720w, https:\/\/quicosenza.it\/news\/wp-content\/uploads\/2024\/08\/Casa-Natale-S.Francesco-Paola-300x188.jpg 300w, https:\/\/quicosenza.it\/news\/wp-content\/uploads\/2024\/08\/Casa-Natale-S.Francesco-Paola-672x420.jpg 672w, https:\/\/quicosenza.it\/news\/wp-content\/uploads\/2024\/08\/Casa-Natale-S.Francesco-Paola-150x94.jpg 150w, https:\/\/quicosenza.it\/news\/wp-content\/uploads\/2024\/08\/Casa-Natale-S.Francesco-Paola-696x435.jpg 696w\" sizes=\"auto, (max-width: 533px) 100vw, 533px\" \/><\/p>\n<p>Don Santo, <strong>nel suo diario<\/strong> giornaliero, consultabile sulla pagina facebook \u201cParrocchia San Michele Arcangelo \u2013 Donnici Inferiore\u201d, a riguardo ha evidenziato come <em>\u201c\u2026..arrivare dove \u00e8 morto (S.Francesco-ndr) significa conoscere meglio tutta la sua vita. Significa, soprattutto, imparare ancora di pi\u00f9 a vivere facendo tutto per carit\u00e0 di Cristo\u2026.\u201d,<\/em> invitando tutti i lettori ad andare in questi giorni al Santuario di Paola a <em>\u201c\u2026.pregare per la pace\u2026..\u201d.<\/em><\/p>\n<p>Dopo la sosta a Tours, don Santo <strong>proseguir\u00e0 il suo cammino sperando di arrivare a Lourdes il 22 agosto<\/strong> e ci\u00f2 in considerazione che il giorno successivo sar\u00e0 raggiunto da <strong>circa 100 pellegrini<\/strong> provenienti da vari Centri della Provincia di Cosenza, per un percorso di fede e preghiera che si protrarr\u00e0 per circa una settimana.<\/p>\n","protected":false},"excerpt":{"rendered":"<p>COSENZA &#8211; Don Santo Borrelli \u00e8 partito lo scorso 22 luglio da una blindatissima Parigi, dove si stanno svolgendo le Olimpiadi e percorrendo essenzialmente ambienti rurali della regione della \u201cValle della Loira\u201d, con grande emozione ha coronato il sogno di pregare sulla tomba di San Francesco di Paola, morto il 2 aprile 1507, dopo aver [&hellip;]<\/p>\n","protected":false},"author":42,"featured_media":236648,"comment_status":"closed","ping_status":"closed","sticky":false,"template":"","format":"standard","meta":{"_acf_changed":false,"footnotes":"","jetpack_publicize_message":"","jetpack_publicize_feature_enabled":true,"jetpack_social_post_already_shared":false,"jetpack_social_options":{"image_generator_settings":{"template":"highway","default_image_id":0,"font":"","enabled":false},"version":2}},"categories":[563,42],"tags":[19],"class_list":["post-236643","post","type-post","status-publish","format-standard","has-post-thumbnail","hentry","category-area-urbana","category-cosenza","tag-copertina"],"acf":[],"jetpack_publicize_connections":[],"_links":{"self":[{"href":"https:\/\/quicosenza.it\/news\/wp-json\/wp\/v2\/posts\/236643","targetHints":{"allow":["GET"]}}],"collection":[{"href":"https:\/\/quicosenza.it\/news\/wp-json\/wp\/v2\/posts"}],"about":[{"href":"https:\/\/quicosenza.it\/news\/wp-json\/wp\/v2\/types\/post"}],"author":[{"embeddable":true,"href":"https:\/\/quicosenza.it\/news\/wp-json\/wp\/v2\/users\/42"}],"replies":[{"embeddable":true,"href":"https:\/\/quicosenza.it\/news\/wp-json\/wp\/v2\/comments?post=236643"}],"version-history":[{"count":0,"href":"https:\/\/quicosenza.it\/news\/wp-json\/wp\/v2\/posts\/236643\/revisions"}],"wp:featuredmedia":[{"embeddable":true,"href":"https:\/\/quicosenza.it\/news\/wp-json\/wp\/v2\/media\/236648"}],"wp:attachment":[{"href":"https:\/\/quicosenza.it\/news\/wp-json\/wp\/v2\/media?parent=236643"}],"wp:term":[{"taxonomy":"category","embeddable":true,"href":"https:\/\/quicosenza.it\/news\/wp-json\/wp\/v2\/categories?post=236643"},{"taxonomy":"post_tag","embeddable":true,"href":"https:\/\/quicosenza.it\/news\/wp-json\/wp\/v2\/tags?post=236643"}],"curies":[{"name":"wp","href":"https:\/\/api.w.org\/{rel}","templated":true}]}}