{"id":236659,"date":"2024-08-17T07:00:34","date_gmt":"2024-08-17T05:00:34","guid":{"rendered":"https:\/\/www.quicosenza.it\/news\/?p=236659"},"modified":"2024-08-01T10:54:16","modified_gmt":"2024-08-01T08:54:16","slug":"prosegue-il-festival-delle-migrazioni-eventi-e-concerti-da-bisignano-a-san-basile","status":"publish","type":"post","link":"https:\/\/quicosenza.it\/news\/prosegue-il-festival-delle-migrazioni-eventi-e-concerti-da-bisignano-a-san-basile\/","title":{"rendered":"Prosegue il Festival delle Migrazioni, eventi e concerti da Bisignano a San Basile"},"content":{"rendered":"<p>ACQUAFORMOSA (CS) &#8211; Un crescendo il programma del Festival delle Migrazioni che prevede ancora tanti ospiti e relatori provenienti dall\u2019Albania, Francia, Algeria, Mali, Galles e Giappone e che vedr\u00e0 coinvolte le Universit\u00e0 di Cardiff, di Strasburgo, di Okayama, di Brescia e dell&#8217;Universit\u00e0 della Calabria. Il tutto sotto il motto della &#8220;Resistenza&#8221;. Molti saranno i <strong>momenti ludico-ricreativi e i concerti serali<\/strong>, a partire dal <strong>22 agosto<\/strong> a <strong>Bisignano<\/strong> con lo spettacolo di <strong>Tonino Carotone<\/strong>; il <strong>23<\/strong> a <strong>San Benedetto Ullano<\/strong> con gli \u201c<strong>Amakora e Skapizza<\/strong>\u201d; il <strong>24<\/strong> a <strong>Vaccarizzo<\/strong> con <strong>Alberto Bertoli<\/strong>, per finire il <strong>25<\/strong> a <strong>San Giorgio Albanese<\/strong> con <strong>Cosimo Papandrea<\/strong>.<\/p>\n<p>Il Festival si fermer\u00e0 dal 26 al 28 per poi riprendere a <strong>Cerzeto il 29 agosto<\/strong> con il concerto di \u201cRione Jummo\u201d e proseguire il <strong>30 a San Basile<\/strong> con la proiezione del films \u201cKalavria\u201d di Cristina Mantis, per finire con il concerto degli Statuto e Dj set.<\/p>\n<p>Il <strong>31 agosto ad Acquaformosa<\/strong>, sede dell\u2019Associazione Don Vincenzo Matrangolo, ci sar\u00e0 il Gran Concerto di <strong>Cisco<\/strong> e la <strong>Bandabard\u00f2<\/strong>. Il festival chiuder\u00e0 il <strong>1 settembre<\/strong> a <strong>San Sosti<\/strong> con lo spettacolo dei <strong>Sabatum Quartet Band.<\/strong><\/p>\n<p>Inoltre, nella seconda parte del festival vi saranno seminari di studio e dibattiti con la partecipazione di studiosi del settore e di vari relatori dei SAI di tutta Italia, di esperti climatici come il Dott. Fabio Zimbo, che parteciper\u00e0 alla giornata del <strong>29 agosto<\/strong> dove sar\u00e0 presentato il rapporto del CREA <strong>sull\u2019agricoltura nella Piana di Sibari<\/strong>. Il <strong>30 a San Basile<\/strong> ci sar\u00e0 la presentazione del libro di <strong>Maurizio Alfano \u201cIn nome della razza e del popolo sovranista<\/strong>\u201d, e saranno presenti i protagonisti del film Kalavria che dialogheranno con il pubblico.<\/p>\n<p>Il <strong>31 ad Acquaformosa<\/strong> si parler\u00e0 di \u201c<strong>Spopolamento e di Autonomia differenziata<\/strong>\u201d con la presenza della On. Anna Laura Orrico, del Sindaco di Corigliano-Rossano Flavio Stasi, di Franco Spingola della CGIL e della ricercatrice Bella Dicks che ha prodotto sul campo una ricerca sull\u2019accoglienza nei vari comuni dell\u2019associazione. <strong>Il 1 settembre caler\u00e0 il sipario sulla 13\u00b0 edizione del Festival delle Migrazioni a San Sosti<\/strong> dove si esibiranno i \u201cSabatum Quartet Band\u201d dopo i dibattiti con la partecipazione delle ONG e la presenza dell\u2019ammiraglio Vittorio Alessandro e i tanti relatori provenienti dalle varie Universit\u00e0 Mondiali. \u00abUn festival da vivere con impegno e spensieratezza\u00bb \u00e8 l\u2019auspicio del Presidente Giovanni Manoccio.<\/p>\n","protected":false},"excerpt":{"rendered":"<p>ACQUAFORMOSA (CS) &#8211; Un crescendo il programma del Festival delle Migrazioni che prevede ancora tanti ospiti e relatori provenienti dall\u2019Albania, Francia, Algeria, Mali, Galles e Giappone e che vedr\u00e0 coinvolte le Universit\u00e0 di Cardiff, di Strasburgo, di Okayama, di Brescia e dell&#8217;Universit\u00e0 della Calabria. Il tutto sotto il motto della &#8220;Resistenza&#8221;. Molti saranno i momenti [&hellip;]<\/p>\n","protected":false},"author":42,"featured_media":236661,"comment_status":"closed","ping_status":"closed","sticky":false,"template":"","format":"standard","meta":{"_acf_changed":false,"footnotes":"","jetpack_publicize_message":"","jetpack_publicize_feature_enabled":true,"jetpack_social_post_already_shared":false,"jetpack_social_options":{"image_generator_settings":{"template":"highway","default_image_id":0,"font":"","enabled":false},"version":2}},"categories":[28],"tags":[19],"class_list":["post-236659","post","type-post","status-publish","format-standard","has-post-thumbnail","hentry","category-provincia","tag-copertina"],"acf":[],"jetpack_publicize_connections":[],"_links":{"self":[{"href":"https:\/\/quicosenza.it\/news\/wp-json\/wp\/v2\/posts\/236659","targetHints":{"allow":["GET"]}}],"collection":[{"href":"https:\/\/quicosenza.it\/news\/wp-json\/wp\/v2\/posts"}],"about":[{"href":"https:\/\/quicosenza.it\/news\/wp-json\/wp\/v2\/types\/post"}],"author":[{"embeddable":true,"href":"https:\/\/quicosenza.it\/news\/wp-json\/wp\/v2\/users\/42"}],"replies":[{"embeddable":true,"href":"https:\/\/quicosenza.it\/news\/wp-json\/wp\/v2\/comments?post=236659"}],"version-history":[{"count":0,"href":"https:\/\/quicosenza.it\/news\/wp-json\/wp\/v2\/posts\/236659\/revisions"}],"wp:featuredmedia":[{"embeddable":true,"href":"https:\/\/quicosenza.it\/news\/wp-json\/wp\/v2\/media\/236661"}],"wp:attachment":[{"href":"https:\/\/quicosenza.it\/news\/wp-json\/wp\/v2\/media?parent=236659"}],"wp:term":[{"taxonomy":"category","embeddable":true,"href":"https:\/\/quicosenza.it\/news\/wp-json\/wp\/v2\/categories?post=236659"},{"taxonomy":"post_tag","embeddable":true,"href":"https:\/\/quicosenza.it\/news\/wp-json\/wp\/v2\/tags?post=236659"}],"curies":[{"name":"wp","href":"https:\/\/api.w.org\/{rel}","templated":true}]}}