{"id":236707,"date":"2024-08-15T21:00:41","date_gmt":"2024-08-15T19:00:41","guid":{"rendered":"https:\/\/www.quicosenza.it\/news\/?p=236707"},"modified":"2024-08-15T18:51:06","modified_gmt":"2024-08-15T16:51:06","slug":"la-calabria-sara-la-prima-regione-ditalia-ad-ospitare-vinitaly-and-the-city-si-terra-a-sibari","status":"publish","type":"post","link":"https:\/\/quicosenza.it\/news\/la-calabria-sara-la-prima-regione-ditalia-ad-ospitare-vinitaly-and-the-city-si-terra-a-sibari\/","title":{"rendered":"La Calabria sar\u00e0 la prima regione d\u2019Italia ad ospitare Vinitaly and the City: si terr\u00e0 a Sibari"},"content":{"rendered":"<p><strong>La Calabria sar\u00e0 la prima regione d\u2019Italia ad ospitare Vinitaly and the City in trasferta<\/strong>. <strong>Da venerd\u00ec 30 agosto a domenica 1\u00b0 settembre, la versione fuori-fiera del salone internazionale del vino di Verona arriver\u00e0 a Sibari<\/strong>. In questa formula itinerante dedicata ai winelover \u2013 nell\u2019ambito di un percorso sperimentale \u2013 Vinitaly and the City punta a diffondere la cultura enologica e la conoscenza e diffusione dei vini italiani di pregio promuovendo, al contempo, i territori di provenienza.<\/p>\n<p>L\u2019evento, frutto dell\u2019intesa tra Regione Calabria e Veronafiere Spa, con la fondamentale collaborazione dei Parchi archeologici di Crotone e Sibari, sar\u00e0 curato, sotto il profilo organizzativo, dall\u2019Arsac, e si svolger\u00e0 al Parco archeologico di Sibari, uno dei pi\u00f9 importanti e prestigiosi d\u2019Italia e, soprattutto, simbolo indiscusso di quella civilt\u00e0 magnogreca che nell\u2019antica Sybaris ebbe una delle sue colonie pi\u00f9 floride, nella quale grande attenzione era dedicata alla produzione di vini di eccellenza in una terra in cui gi\u00e0 nei secoli precedenti, grazie alla presenza degli Enotri, la coltivazione della vite \u2013 per come storicamente documentato \u2013 era pratica comune.<\/p>\n<p>Nei prossimi giorni saranno resi noti dettagli logistici e programmi dei diversi appuntamenti in programma nel weekend, alcuni dei quali saranno ospitati nel Museo archeologico nazionale della Sibaritide, nel segno del legame forte tra il vino, il territorio e la sua storia, come sottolinea il <strong>presidente della Regione Calabria, Roberto Occhiuto<\/strong>: \u201cSiamo onorati di essere la prima regione d\u2019Italia ad ospitare il format itinerante di \u2018Vinitaly and the City\u2019, al suo esordio lontano da Verona. Una grande occasione per valorizzare e far conoscere sempre pi\u00f9 al Paese e al mondo le nostre eccellenze enologiche, la nostra cultura, le nostre tradizioni. Un\u2019opportunit\u00e0 preziosa anche nell\u2019ottica della promozione turistica del territorio calabrese, della Sibaritide e in particolare del Parco archeologico di Sibari, perla meravigliosa della nostra Calabria\u201d.<\/p>\n<p>\u201cRingrazio Veronafiere Spa per averci scelto: siamo pronti \u2013 conclude il presidente Occhiuto \u2013 a cogliere la sfida e ad ospitare questo straordinario evento che, ne siamo certi, diventer\u00e0 presto un modello per tante altre regioni\u201d.<\/p>\n<p>Per <strong>l\u2019assessore all\u2019Agricoltura della Regione Calabria, Gianluca Gallo<\/strong> \u201cIl fatto che la Calabria sia la prima tappa del Vinitaly and the City itinerante testimonia della centralit\u00e0 che la nostra regione ha acquisito nel settore enologico, grazie all\u2019eccellenza dei suoi vini ed alla bravura dei produttori vitivinicoli. Un motivo d\u2019orgoglio, per una terra che ha acquisito consapevolezza delle potenzialit\u00e0 delle sue risorse naturali ed umani e che, attraverso esse, investe ora convintamente e con fiducia sul proprio futuro\u201d.<\/p>\n<p>Per il <strong>direttore generale di Veronafiere, Adolfo Rebughini<\/strong>: \u201cIl debutto del format di Vinitaly and the City fuori dai confini di Verona non poteva trovare palcoscenico migliore di Sibari e del suo parco archeologico. Questa iniziativa \u00e8 il frutto del rapporto di collaborazione che ci lega alla Regione Calabria e ai produttori vitivinicoli calabresi, ogni anno presenti al Vinitaly con una collettiva di oltre 80 aziende, alcune delle quali ci accompagnano anche nelle attivit\u00e0 promozionali all\u2019estero, come a Chicago. Vinitaly and the City Calabria rappresenta un segno della progettualit\u00e0 inclusiva che da sempre caratterizza l\u2019operato della Fiera di Verona, ma anche della capacit\u00e0 dell\u2019evento di rispondere alla crescente necessit\u00e0 di trovare strumenti validi per il marketing territoriale. Il vino, infatti, non \u00e8 solo business: buona parte del suo valore e del suo potenziale narrativo \u00e8 legata a terra, cultura e tradizioni, aggregazione e socialit\u00e0, elementi che in Calabria trovano sintesi perfetta\u201d.<\/p>\n<p>\u201cSiamo di fronte all\u2019evoluzione di una parabola iniziata due anni fa con l\u2019accordo di valorizzazione con il consorzio tutela vini DOP Terre Di Cosenza, che l\u2019anno scorso ha visto un intero mese dedicato alla cultura del vino in Magna Graecia ed in particolare nella Sibaritide \u2013 dichiara infine il direttore dei Parchi archeologici di Crotone e Sibari, Filippo Demma \u2013. Sull\u2019onda di quell\u2019esperienza siamo stati ospiti nello stand regionale alla fiera veronese, caratterizzando culturalmente la presentazione delle produzioni regionali. Siamo onorati che il presidente Occhiuto e l\u2019assessore Gallo abbiano deciso di proseguire in questa collaborazione. Coglieremo cos\u00ec l\u2019occasione di estendere ulteriormente la notoriet\u00e0 del Parco, nel quale l\u2019afflusso di visitatori \u00e8 in crescita esponenziale da tre anni, ma soprattutto avremo modo di continuare la mission di diffusione presso il grande pubblico di contenuti culturali: l\u2019iniziativa sar\u00e0 accompagnata da aperture straordinarie notturne del museo, visite guidate, talk e iniziative che amplieranno la conoscenza del nostro Patrimonio presso il grande pubblico\u201d.<\/p>\n","protected":false},"excerpt":{"rendered":"<p>La Calabria sar\u00e0 la prima regione d\u2019Italia ad ospitare Vinitaly and the City in trasferta. Da venerd\u00ec 30 agosto a domenica 1\u00b0 settembre, la versione fuori-fiera del salone internazionale del vino di Verona arriver\u00e0 a Sibari. In questa formula itinerante dedicata ai winelover \u2013 nell\u2019ambito di un percorso sperimentale \u2013 Vinitaly and the City punta [&hellip;]<\/p>\n","protected":false},"author":58,"featured_media":236708,"comment_status":"closed","ping_status":"closed","sticky":false,"template":"","format":"standard","meta":{"_acf_changed":false,"footnotes":"","jetpack_publicize_message":"","jetpack_publicize_feature_enabled":true,"jetpack_social_post_already_shared":false,"jetpack_social_options":{"image_generator_settings":{"template":"highway","default_image_id":0,"font":"","enabled":false},"version":2}},"categories":[572],"tags":[19],"class_list":["post-236707","post","type-post","status-publish","format-standard","has-post-thumbnail","hentry","category-ionio","tag-copertina"],"acf":[],"jetpack_publicize_connections":[],"_links":{"self":[{"href":"https:\/\/quicosenza.it\/news\/wp-json\/wp\/v2\/posts\/236707","targetHints":{"allow":["GET"]}}],"collection":[{"href":"https:\/\/quicosenza.it\/news\/wp-json\/wp\/v2\/posts"}],"about":[{"href":"https:\/\/quicosenza.it\/news\/wp-json\/wp\/v2\/types\/post"}],"author":[{"embeddable":true,"href":"https:\/\/quicosenza.it\/news\/wp-json\/wp\/v2\/users\/58"}],"replies":[{"embeddable":true,"href":"https:\/\/quicosenza.it\/news\/wp-json\/wp\/v2\/comments?post=236707"}],"version-history":[{"count":0,"href":"https:\/\/quicosenza.it\/news\/wp-json\/wp\/v2\/posts\/236707\/revisions"}],"wp:featuredmedia":[{"embeddable":true,"href":"https:\/\/quicosenza.it\/news\/wp-json\/wp\/v2\/media\/236708"}],"wp:attachment":[{"href":"https:\/\/quicosenza.it\/news\/wp-json\/wp\/v2\/media?parent=236707"}],"wp:term":[{"taxonomy":"category","embeddable":true,"href":"https:\/\/quicosenza.it\/news\/wp-json\/wp\/v2\/categories?post=236707"},{"taxonomy":"post_tag","embeddable":true,"href":"https:\/\/quicosenza.it\/news\/wp-json\/wp\/v2\/tags?post=236707"}],"curies":[{"name":"wp","href":"https:\/\/api.w.org\/{rel}","templated":true}]}}