{"id":236714,"date":"2024-08-01T19:30:36","date_gmt":"2024-08-01T17:30:36","guid":{"rendered":"https:\/\/www.quicosenza.it\/news\/?p=236714"},"modified":"2024-08-01T17:20:03","modified_gmt":"2024-08-01T15:20:03","slug":"mancuso-ai-rettori-della-calabria-approfondimento-su-materie-non-lep","status":"publish","type":"post","link":"https:\/\/quicosenza.it\/news\/mancuso-ai-rettori-della-calabria-approfondimento-su-materie-non-lep\/","title":{"rendered":"Mancuso ai rettori della Calabria, approfondimento su materie non Lep"},"content":{"rendered":"<div class=\"ng-star-inserted\">\n<div id=\"contIdAGENCY_EF99CDD5A1A1BA62B440434BFD12E6C127AE0779BF85D436C76F41F0ED7E60F5\" class=\"cont ng-star-inserted\">\n<div id=\"print\">\n<div id=\"txt_cont\">REGGIO CALABRIA &#8211; Il presidente del Consiglio regionale della Calabria Filippo Mancuso ha scritto ai rettori delle tre universit\u00e0 calabresi chiedendo loro<strong> &#8220;un approfondimento economico-tecnico-giuridico, al fine di valutare le ricadute che si avrebbero in Calabria, qualora si consentisse alle Regioni che ne fanno richiesta di ottenere le competenze nelle materie escluse dai &#8216;Lep&#8217;<\/strong> in materia di Autonomia differenziata.<\/div>\n<div><\/div>\n<div>Dopo l&#8217;approvazione, avvenuta il 18 aprile scorso, da parte del Consiglio regionale del documento della maggioranza di centrodestra sull&#8217;autonomia differenziata, Mancuso ha inteso cos\u00ec darne seguito coinvolgendo i tre Ateni. <strong>Nel documento di affermava che &#8220;serve una preventiva analisi d&#8217;impatto anche sulle materie escluse dalla determinazione dei Lep. Senza questo indispensabile approfondimento nessuna intesa Stato-Regioni<\/strong> potr\u00e0 essere formalizzata sull&#8217;Autonomia differenziata&#8221;.<\/div>\n<div><\/div>\n<div>Nella missiva, inviata al rettore dell&#8217;Universit\u00e0 Magna Graecia di Catanzaro Giovanni Cuda, al rettore dell&#8217;Universit\u00e0 della Calabria di Cosenza Nicola Leone e al rettore dell&#8217;Universit\u00e0 Mediterranea di Reggio Calabria Giuseppe Zimbalatti, Mancuso ricorda che la maggioranza consiliare &#8220;ritiene l&#8217;autonomia differenziata un&#8217;opportunit\u00e0, in quanto la determinazione e il finanziamento dei &#8216;Lep&#8217; nonch\u00e9 il superamento della spesa storica garantirebbero uguali servizi e diritti per tutti i cittadini ovunque essi risiedano, mentre i consiglieri di maggioranza hanno espresso qualche perplessit\u00e0 su ci\u00f2 che riguarda le materie non &#8216;Lep'&#8221;.<\/div>\n<div><\/div>\n<div>Mancuso, inoltre, ha invitato i tre rettori &#8220;ad indicare le figure professionali a cui affidare il compito di che trattasi, onde poter tenere una prima riunione programmatica negli uffici della Presidenza del Consiglio regionale&#8221;.<\/div>\n<\/div>\n<\/div>\n<\/div>\n<div aria-label=\"category\"><\/div>\n","protected":false},"excerpt":{"rendered":"<p>REGGIO CALABRIA &#8211; Il presidente del Consiglio regionale della Calabria Filippo Mancuso ha scritto ai rettori delle tre universit\u00e0 calabresi chiedendo loro &#8220;un approfondimento economico-tecnico-giuridico, al fine di valutare le ricadute che si avrebbero in Calabria, qualora si consentisse alle Regioni che ne fanno richiesta di ottenere le competenze nelle materie escluse dai &#8216;Lep&#8217; in [&hellip;]<\/p>\n","protected":false},"author":61,"featured_media":208317,"comment_status":"closed","ping_status":"closed","sticky":false,"template":"","format":"standard","meta":{"_acf_changed":false,"footnotes":"","jetpack_publicize_message":"","jetpack_publicize_feature_enabled":true,"jetpack_social_post_already_shared":false,"jetpack_social_options":{"image_generator_settings":{"template":"highway","default_image_id":0,"font":"","enabled":false},"version":2}},"categories":[17],"tags":[19],"class_list":["post-236714","post","type-post","status-publish","format-standard","has-post-thumbnail","hentry","category-calabria","tag-copertina"],"acf":[],"jetpack_publicize_connections":[],"_links":{"self":[{"href":"https:\/\/quicosenza.it\/news\/wp-json\/wp\/v2\/posts\/236714","targetHints":{"allow":["GET"]}}],"collection":[{"href":"https:\/\/quicosenza.it\/news\/wp-json\/wp\/v2\/posts"}],"about":[{"href":"https:\/\/quicosenza.it\/news\/wp-json\/wp\/v2\/types\/post"}],"author":[{"embeddable":true,"href":"https:\/\/quicosenza.it\/news\/wp-json\/wp\/v2\/users\/61"}],"replies":[{"embeddable":true,"href":"https:\/\/quicosenza.it\/news\/wp-json\/wp\/v2\/comments?post=236714"}],"version-history":[{"count":0,"href":"https:\/\/quicosenza.it\/news\/wp-json\/wp\/v2\/posts\/236714\/revisions"}],"wp:featuredmedia":[{"embeddable":true,"href":"https:\/\/quicosenza.it\/news\/wp-json\/wp\/v2\/media\/208317"}],"wp:attachment":[{"href":"https:\/\/quicosenza.it\/news\/wp-json\/wp\/v2\/media?parent=236714"}],"wp:term":[{"taxonomy":"category","embeddable":true,"href":"https:\/\/quicosenza.it\/news\/wp-json\/wp\/v2\/categories?post=236714"},{"taxonomy":"post_tag","embeddable":true,"href":"https:\/\/quicosenza.it\/news\/wp-json\/wp\/v2\/tags?post=236714"}],"curies":[{"name":"wp","href":"https:\/\/api.w.org\/{rel}","templated":true}]}}