{"id":236809,"date":"2024-08-02T14:00:47","date_gmt":"2024-08-02T12:00:47","guid":{"rendered":"https:\/\/www.quicosenza.it\/news\/?p=236809"},"modified":"2024-08-02T12:56:20","modified_gmt":"2024-08-02T10:56:20","slug":"agenda-urbana-assegnati-oltre-21-milioni-allarea-di-cosenza-rende","status":"publish","type":"post","link":"https:\/\/quicosenza.it\/news\/agenda-urbana-assegnati-oltre-21-milioni-allarea-di-cosenza-rende\/","title":{"rendered":"Agenda urbana, assegnati oltre 21 milioni all\u2019area di Cosenza-Rende"},"content":{"rendered":"<p>COSENZA &#8211; Si dice soddisfatto il sindaco di Cosenza, Franz Caruso per la sottoscrizione della Convenzione quadro per la nuova <strong>Agenda Urbana<\/strong>.\u00a0La quota assegnata all\u2019area urbana di Cosenza-Rende ammonta a\u00a0<strong>21 milioni 611 mila 306, 67 euro<\/strong>.\u00a0Questo importo potr\u00e0 essere ulteriormente incrementato con le risorse della quota variabile previste per i comuni pi\u00f9 virtuosi.<\/p>\n<p>\u00abCon la nuova Agenda Urbana \u2013 ha sottolineato Franz Caruso \u2013 daremo corso a ulteriori interventi che saranno delineati nell\u2019immediato, in fase di elaborazione di una nuova strategia progettuale che prender\u00e0 le mosse da quella gi\u00e0 attuata e realizzata.\u00a0Grazie all\u2019enorme lavoro svolto per realizzare e rendicontare Agenda Urbana 2014-2020 oggi \u2013 ha commentato ancora il primo cittadino \u2013 possiamo raccogliere i risultati che si stanno dispiegando in questo momento e cio\u00e8:\u00a0<strong>la realizzazione di 11 opere pubbliche<\/strong>, nelle quali \u00e8 da ricomprendere la riapertura di tre poli culturali importanti come la\u00a0<strong>Casa delle Culture<\/strong>, il\u00a0<strong>Teatro \u201cAroldo Tieri\u201d<\/strong>\u00a0e\u00a0<strong>l\u2019Oratorio di San Gaetano<\/strong>, la ristrutturazione di due grandi palazzi nel centro storico, come\u00a0<strong>Palazzo Marini Serra e Santa Lucia<\/strong>, destinati a social housing, il finanziamento di 12 imprese nel centro storico e di 19 associazioni del terzo settore in tutta la citt\u00e0.<\/p>\n<div class=\"banner corpo-banner mt-3 mb-4 d-block\">\n<div class=\"ob-smartfeed-wrapper feedIdx-0\">\n<div id=\"outbrain_widget_0\" class=\"OUTBRAIN\" data-src=\"https:\/\/www.cosenzachannel.it\/2024\/08\/01\/agenda-urbana-cosenza-rende-finanziamenti-franz-caruso\/\" data-widget-id=\"AR_1\" data-ob-mark=\"true\" data-browser=\"chrome\" data-os=\"win32\" data-dynload=\"\" data-idx=\"0\">\n<div class=\"ob-widget ob-feed-layout AR_1\">\n<div class=\"ob-widget-footer\">\n<div class=\"ob_what ob_what_resp\">\n<div class=\"ob_auto_logo_container\">Grazie ad Agenda Urbana \u2013 ha proseguito Franz Caruso \u2013 nonostante le iniziali difficolt\u00e0 finanziarie del Comune, siamo riusciti ad imprimere nuovo impulso alla cultura e al sociale. <strong>Un risultato che, per un Comune in dissesto, non era scontato. Per il lavoro portato avanti e per i risultati conseguiti, voglio ringraziare \u2013 ha detto ancora Franz Caruso \u2013 oltre al consigliere delegato Francesco Alimena, l\u2019ufficio guidato dall\u2019ing. Salvatore Modesto e dai Rup ing. Maria Colucci, il dott. Giuseppe Martino e l\u2019architetto Alessandro Sangregorio. <\/strong>Cosenza \u00e8 risultata la migliore tra le tre citt\u00e0 destinatarie delle risorse di Agenda Urbana, superando Catanzaro e Reggio Calabria, per capacit\u00e0 di spesa dei fondi europei.\u00a0Non \u00e8 di poco conto dire che grazie alla rendicontazione di Agenda Urbana \u00e8 stato dato anche un considerevole contributo alla chiusura della rendicontazione della programmazione europea della regione Calabria\u00bb.<\/div>\n<div><\/div>\n<\/div>\n<\/div>\n<\/div>\n<\/div>\n<\/div>\n<\/div>\n<p>\u00abSiamo pronti per scrivere la nuova strategia di Agenda Urbana \u2013 ha sottolineato dal canto suo il consigliere delegato\u00a0<strong>Francesco Alimena<\/strong> \u2013 abbiamo sei mesi di tempo per farlo. Gli interventi dovranno riflettere le linee della strategia precedente, ma al contempo potranno contenere diverse novit\u00e0, sia per quanto riguarda le opere pubbliche, sia per gli aiuti ai privati. Utilizzeremo il tempo a nostra disposizione, per elaborare, in<strong>\u00a0stretta collaborazione con il Comune di Rende<\/strong>, una strategia in coprogettazione con tutti gli stakeholders, in primis con i beneficiari della precedente Agenda Urbana, s\u00ec da\u00a0<strong>migliorarne l\u2019impatto sul territorio della citt\u00e0 e dell\u2019area urbana<\/strong>\u00bb.<\/p>\n","protected":false},"excerpt":{"rendered":"<p>COSENZA &#8211; Si dice soddisfatto il sindaco di Cosenza, Franz Caruso per la sottoscrizione della Convenzione quadro per la nuova Agenda Urbana.\u00a0La quota assegnata all\u2019area urbana di Cosenza-Rende ammonta a\u00a021 milioni 611 mila 306, 67 euro.\u00a0Questo importo potr\u00e0 essere ulteriormente incrementato con le risorse della quota variabile previste per i comuni pi\u00f9 virtuosi. \u00abCon la [&hellip;]<\/p>\n","protected":false},"author":61,"featured_media":205559,"comment_status":"closed","ping_status":"closed","sticky":false,"template":"","format":"standard","meta":{"_acf_changed":false,"footnotes":"","jetpack_publicize_message":"","jetpack_publicize_feature_enabled":true,"jetpack_social_post_already_shared":false,"jetpack_social_options":{"image_generator_settings":{"template":"highway","default_image_id":0,"font":"","enabled":false},"version":2}},"categories":[563,42],"tags":[19],"class_list":["post-236809","post","type-post","status-publish","format-standard","has-post-thumbnail","hentry","category-area-urbana","category-cosenza","tag-copertina"],"acf":[],"jetpack_publicize_connections":[],"_links":{"self":[{"href":"https:\/\/quicosenza.it\/news\/wp-json\/wp\/v2\/posts\/236809","targetHints":{"allow":["GET"]}}],"collection":[{"href":"https:\/\/quicosenza.it\/news\/wp-json\/wp\/v2\/posts"}],"about":[{"href":"https:\/\/quicosenza.it\/news\/wp-json\/wp\/v2\/types\/post"}],"author":[{"embeddable":true,"href":"https:\/\/quicosenza.it\/news\/wp-json\/wp\/v2\/users\/61"}],"replies":[{"embeddable":true,"href":"https:\/\/quicosenza.it\/news\/wp-json\/wp\/v2\/comments?post=236809"}],"version-history":[{"count":0,"href":"https:\/\/quicosenza.it\/news\/wp-json\/wp\/v2\/posts\/236809\/revisions"}],"wp:featuredmedia":[{"embeddable":true,"href":"https:\/\/quicosenza.it\/news\/wp-json\/wp\/v2\/media\/205559"}],"wp:attachment":[{"href":"https:\/\/quicosenza.it\/news\/wp-json\/wp\/v2\/media?parent=236809"}],"wp:term":[{"taxonomy":"category","embeddable":true,"href":"https:\/\/quicosenza.it\/news\/wp-json\/wp\/v2\/categories?post=236809"},{"taxonomy":"post_tag","embeddable":true,"href":"https:\/\/quicosenza.it\/news\/wp-json\/wp\/v2\/tags?post=236809"}],"curies":[{"name":"wp","href":"https:\/\/api.w.org\/{rel}","templated":true}]}}