{"id":236848,"date":"2024-08-02T19:30:51","date_gmt":"2024-08-02T17:30:51","guid":{"rendered":"https:\/\/www.quicosenza.it\/news\/?p=236848"},"modified":"2024-08-02T19:30:51","modified_gmt":"2024-08-02T17:30:51","slug":"tutto-pronto-per-primo-atto-grandi-artisti-in-arrivo-teo-teocoli-apre-la-rassegna","status":"publish","type":"post","link":"https:\/\/quicosenza.it\/news\/tutto-pronto-per-primo-atto-grandi-artisti-in-arrivo-teo-teocoli-apre-la-rassegna\/","title":{"rendered":"Tutto pronto per \u201cPrimo atto\u201d, grandi artisti in arrivo: Teo Teocoli apre la rassegna"},"content":{"rendered":"<p>SOVERATO (CZ) &#8211; Quattro spettacoli di qualit\u00e0 con personaggi di grande richiamo. Prender\u00e0 il via il prossimo <strong>6 agosto \u201cPrimo atto\u201d,<\/strong> kermesse organizzata dall\u2019associazione culturale Novecento, con la direzione artistica di Benedetto Castriota.<\/p>\n<p>Grazie alla proficua collaborazione con l\u2019amministrazione comunale, <strong>sar\u00e0 Soverato la location dell\u2019edizione 2024<\/strong>. L\u2019associazione culturale Novecento ha trovato, infatti, nel sindaco Daniele Vacca, nel vicesindaco Emanuele Amoruso e, in generale, in tutta la giunta interlocutori attenti con i quali condividere il progetto. E\u2019 venuta fuori, cos\u00ec, una stagione di grande qualit\u00e0 che si svolger\u00e0 in due diverse location: i primi due spettacoli, infatti, si terranno nell\u2019area teatro comunale, mentre i successivi nell\u2019area concerti Lungomare Europa.<\/p>\n<p>Ad aprire la kermesse, <strong>marted\u00ec 6 agosto, alle ore 22, sar\u00e0 Teo Teocoli con \u201cTutto\u201d Teo<\/strong>. Uno spettacolo travolgente con l\u2019istrionico attore che porter\u00e0 in scena alcuni dei personaggi che lo hanno reso noto nel suo percorso teatrale e televisivo.<\/p>\n<p>Sette giorni pi\u00f9 tardi, ovvero <strong>marted\u00ec 13 agosto,<\/strong> alle ore 22, sempre nell\u2019area teatro comunale, spazio a<strong> \u201cLe Filippiche\u201d,<\/strong> il nuovo spettacolo di Filippo Caccamo. Un vero e proprio viaggio nella comicit\u00e0 con l\u2019artista che porter\u00e0 sul palco i suoi personaggi esilaranti e stravaganti.<\/p>\n<p>Subito dopo Ferragosto ci si sposta nell\u2019area concerti Lungomare Europa; <strong>sabato 17 agosto,<\/strong> alle ore 22, arriva un altro grande attore che non ha bisogno di presentazione, <strong>Biagio Izzo.<\/strong> Il comico napoletano porter\u00e0 in scena il suo ultimo spettacolo \u201cEsseoesse\u201d.<\/p>\n<p>Chi segue le attivit\u00e0 dell\u2019Associazione culturale Novecento sa che la platea \u00e8 variegata e nel cartellone c\u2019\u00e8 spazio per tutti, anche per i bambini; a loro \u00e8 dedicato l\u2019ultimo appuntamento della rassegna.<strong> Venerd\u00ec 23 agosto<\/strong>, alle ore 21, infatti, l\u2019area concerti Lungomare Europa ospiter\u00e0 lo spettacolo di <strong>Lucilla,<\/strong> la famosa cantante, youtuber amata dai pi\u00f9 piccoli.<\/p>\n<p>In definitiva appare chiaro come \u201cPrimo atto\u201d riesca a favorire un ideale dialogo fra il mondo dello spettacolo ed il turismo; chi raggiunger\u00e0 Soverato per assistere ad una delle quattro serate potr\u00e0 ammirare le bellezze della cittadina ionica. Allo stesso tempo chi ha scelto Soverato per le proprie vacanze estive avr\u00e0 la possibilit\u00e0 di vivere serate dagli alti contenuti artistici.<\/p>\n","protected":false},"excerpt":{"rendered":"<p>SOVERATO (CZ) &#8211; Quattro spettacoli di qualit\u00e0 con personaggi di grande richiamo. Prender\u00e0 il via il prossimo 6 agosto \u201cPrimo atto\u201d, kermesse organizzata dall\u2019associazione culturale Novecento, con la direzione artistica di Benedetto Castriota. Grazie alla proficua collaborazione con l\u2019amministrazione comunale, sar\u00e0 Soverato la location dell\u2019edizione 2024. L\u2019associazione culturale Novecento ha trovato, infatti, nel sindaco Daniele [&hellip;]<\/p>\n","protected":false},"author":58,"featured_media":236849,"comment_status":"closed","ping_status":"closed","sticky":false,"template":"","format":"standard","meta":{"_acf_changed":false,"footnotes":"","jetpack_publicize_message":"","jetpack_publicize_feature_enabled":true,"jetpack_social_post_already_shared":false,"jetpack_social_options":{"image_generator_settings":{"template":"highway","default_image_id":0,"font":"","enabled":false},"version":2}},"categories":[17],"tags":[],"class_list":["post-236848","post","type-post","status-publish","format-standard","has-post-thumbnail","hentry","category-calabria"],"acf":[],"jetpack_publicize_connections":[],"_links":{"self":[{"href":"https:\/\/quicosenza.it\/news\/wp-json\/wp\/v2\/posts\/236848","targetHints":{"allow":["GET"]}}],"collection":[{"href":"https:\/\/quicosenza.it\/news\/wp-json\/wp\/v2\/posts"}],"about":[{"href":"https:\/\/quicosenza.it\/news\/wp-json\/wp\/v2\/types\/post"}],"author":[{"embeddable":true,"href":"https:\/\/quicosenza.it\/news\/wp-json\/wp\/v2\/users\/58"}],"replies":[{"embeddable":true,"href":"https:\/\/quicosenza.it\/news\/wp-json\/wp\/v2\/comments?post=236848"}],"version-history":[{"count":0,"href":"https:\/\/quicosenza.it\/news\/wp-json\/wp\/v2\/posts\/236848\/revisions"}],"wp:featuredmedia":[{"embeddable":true,"href":"https:\/\/quicosenza.it\/news\/wp-json\/wp\/v2\/media\/236849"}],"wp:attachment":[{"href":"https:\/\/quicosenza.it\/news\/wp-json\/wp\/v2\/media?parent=236848"}],"wp:term":[{"taxonomy":"category","embeddable":true,"href":"https:\/\/quicosenza.it\/news\/wp-json\/wp\/v2\/categories?post=236848"},{"taxonomy":"post_tag","embeddable":true,"href":"https:\/\/quicosenza.it\/news\/wp-json\/wp\/v2\/tags?post=236848"}],"curies":[{"name":"wp","href":"https:\/\/api.w.org\/{rel}","templated":true}]}}