{"id":236852,"date":"2024-08-02T21:00:55","date_gmt":"2024-08-02T19:00:55","guid":{"rendered":"https:\/\/www.quicosenza.it\/news\/?p=236852"},"modified":"2024-08-02T20:37:47","modified_gmt":"2024-08-02T18:37:47","slug":"solidarieta-dalle-camere-penali-calabresi-a-lucantonio-il-procuratore-minacciato","status":"publish","type":"post","link":"https:\/\/quicosenza.it\/news\/solidarieta-dalle-camere-penali-calabresi-a-lucantonio-il-procuratore-minacciato\/","title":{"rendered":"Solidariet\u00e0 dalle camere penali calabresi a Lucantonio, il procuratore minacciato"},"content":{"rendered":"<p>CATANZARO &#8211; Apprendiamo dagli organi di informazione che il <strong>procuratore generale presso la Corte di appello di Catanzaro Giuseppe Lucantonio, ha ricevuto<\/strong> <strong><a href=\"https:\/\/quicosenza.it\/news\/calabria\/frasi-minatorie-sullauto-del-procuratore-generale-di-catanzaro-una-misura-cautelare\" target=\"_blank\" rel=\"noopener\">minacce<\/a><\/strong> scritte esposte sulla propria auto di servizio. Siamo fermamente convinti che il rispetto dell&#8217;Istituzione rappresentata dall&#8217;Ufficio di Procura generale \u00e8 un valore che unisce la giurisdizione tutta. Per tali motivi, nell&#8217;attesa di conoscere al meglio le ragioni del vile gesto, esprimiamo al dott. Giuseppe Lucantonio <strong>piena solidariet\u00e0 e tutta la nostra vicinanza<\/strong>, quantunque si tratti, come sembrerebbe, di questione che esula dall&#8217;esercizio delle sue funzioni&#8221;. E&#8217; quanto si legge in una nota firmata dai presidenti delle <strong>Camere penali calabresi<\/strong> e dal coordinatore delle Camere penali calabresi.<\/p>\n<h3>Anm Catanzaro: &#8220;preoccupazione per minacce a Lucantonio&#8221;<\/h3>\n<div id=\"txt_cont\">(La Giunta esecutiva sezionale dell&#8217;Associazione nazionale magistrati del Distretto di Catanzaro esprime la propria vicinanza al procuratore generale presso la Corte d&#8217;Appello di Catanzaro, Giuseppe Lucantonio, manifestando &#8220;viva preoccupazione per le gravi minacce di cui \u00e8 stato destinatario.Si tratta &#8211; afferma l&#8217;Anm &#8211; di un grave attacco rivolto non solo al singolo Magistrato, ma all&#8217;intera attivit\u00e0 giudiziaria. \u00c8 necessario ribadire che dinanzi a simili tentativi di intimidazion<strong>e la Magistratura risponde e risponder\u00e0 compatta<\/strong> a tutela della propria integrit\u00e0 morale e fisica, del proprio onore e professionalit\u00e0&#8221;.<\/div>\n","protected":false},"excerpt":{"rendered":"<p>CATANZARO &#8211; Apprendiamo dagli organi di informazione che il procuratore generale presso la Corte di appello di Catanzaro Giuseppe Lucantonio, ha ricevuto minacce scritte esposte sulla propria auto di servizio. Siamo fermamente convinti che il rispetto dell&#8217;Istituzione rappresentata dall&#8217;Ufficio di Procura generale \u00e8 un valore che unisce la giurisdizione tutta. Per tali motivi, nell&#8217;attesa di [&hellip;]<\/p>\n","protected":false},"author":58,"featured_media":236623,"comment_status":"closed","ping_status":"closed","sticky":false,"template":"","format":"standard","meta":{"_acf_changed":false,"footnotes":"","jetpack_publicize_message":"","jetpack_publicize_feature_enabled":true,"jetpack_social_post_already_shared":false,"jetpack_social_options":{"image_generator_settings":{"template":"highway","default_image_id":0,"font":"","enabled":false},"version":2}},"categories":[17],"tags":[19],"class_list":["post-236852","post","type-post","status-publish","format-standard","has-post-thumbnail","hentry","category-calabria","tag-copertina"],"acf":[],"jetpack_publicize_connections":[],"_links":{"self":[{"href":"https:\/\/quicosenza.it\/news\/wp-json\/wp\/v2\/posts\/236852","targetHints":{"allow":["GET"]}}],"collection":[{"href":"https:\/\/quicosenza.it\/news\/wp-json\/wp\/v2\/posts"}],"about":[{"href":"https:\/\/quicosenza.it\/news\/wp-json\/wp\/v2\/types\/post"}],"author":[{"embeddable":true,"href":"https:\/\/quicosenza.it\/news\/wp-json\/wp\/v2\/users\/58"}],"replies":[{"embeddable":true,"href":"https:\/\/quicosenza.it\/news\/wp-json\/wp\/v2\/comments?post=236852"}],"version-history":[{"count":0,"href":"https:\/\/quicosenza.it\/news\/wp-json\/wp\/v2\/posts\/236852\/revisions"}],"wp:featuredmedia":[{"embeddable":true,"href":"https:\/\/quicosenza.it\/news\/wp-json\/wp\/v2\/media\/236623"}],"wp:attachment":[{"href":"https:\/\/quicosenza.it\/news\/wp-json\/wp\/v2\/media?parent=236852"}],"wp:term":[{"taxonomy":"category","embeddable":true,"href":"https:\/\/quicosenza.it\/news\/wp-json\/wp\/v2\/categories?post=236852"},{"taxonomy":"post_tag","embeddable":true,"href":"https:\/\/quicosenza.it\/news\/wp-json\/wp\/v2\/tags?post=236852"}],"curies":[{"name":"wp","href":"https:\/\/api.w.org\/{rel}","templated":true}]}}