{"id":236879,"date":"2024-08-03T16:07:40","date_gmt":"2024-08-03T14:07:40","guid":{"rendered":"https:\/\/www.quicosenza.it\/news\/?p=236879"},"modified":"2024-08-03T16:07:40","modified_gmt":"2024-08-03T14:07:40","slug":"colto-da-malore-improvviso-mentre-si-trova-in-un-lido-muore-23enne-a-falerna","status":"publish","type":"post","link":"https:\/\/quicosenza.it\/news\/colto-da-malore-improvviso-mentre-si-trova-in-un-lido-muore-23enne-a-falerna\/","title":{"rendered":"Colto da malore improvviso mentre si trova in un lido: muore 23enne a Falerna"},"content":{"rendered":"<div id=\"txt_cont\">FALERNA (CZ) &#8211; Un <strong>ragazzo di 23 anni di Lamezia Terme \u00e8 morto a seguito di un improvviso malore<\/strong> che lo ha colto mentre si trovava seduto con alcuni amici in un lido di Falerna. Immediati sono giunti sul posto i sanitari del 118 di Falerna che hanno praticato i primi interventi di soccorso con <strong>ripetuti massaggi cardiac<\/strong>i che non hanno dato segnali di ripresa. Dopo oltre mezz&#8217;ora, per\u00f2, \u00e8 sembrato che il giovane potesse riprendersi e cos\u00ec, i sanitari, hanno deciso di trasportarlo all&#8217;ospedale di Lamezia Terme dove p<strong>er\u00f2 nel primo pomeriggio \u00e8 deceduto.<\/strong> Nell&#8217;immediatezza era stato allertato anche l&#8217;elisoccorso per il trasferimento all&#8217;ospedale Pugliese di Catanzaro.<\/div>\n","protected":false},"excerpt":{"rendered":"<p>FALERNA (CZ) &#8211; Un ragazzo di 23 anni di Lamezia Terme \u00e8 morto a seguito di un improvviso malore che lo ha colto mentre si trovava seduto con alcuni amici in un lido di Falerna. Immediati sono giunti sul posto i sanitari del 118 di Falerna che hanno praticato i primi interventi di soccorso con [&hellip;]<\/p>\n","protected":false},"author":58,"featured_media":236880,"comment_status":"closed","ping_status":"closed","sticky":false,"template":"","format":"standard","meta":{"_acf_changed":false,"footnotes":"","jetpack_publicize_message":"","jetpack_publicize_feature_enabled":true,"jetpack_social_post_already_shared":false,"jetpack_social_options":{"image_generator_settings":{"template":"highway","default_image_id":0,"font":"","enabled":false},"version":2}},"categories":[17],"tags":[19],"class_list":["post-236879","post","type-post","status-publish","format-standard","has-post-thumbnail","hentry","category-calabria","tag-copertina"],"acf":[],"jetpack_publicize_connections":[],"_links":{"self":[{"href":"https:\/\/quicosenza.it\/news\/wp-json\/wp\/v2\/posts\/236879","targetHints":{"allow":["GET"]}}],"collection":[{"href":"https:\/\/quicosenza.it\/news\/wp-json\/wp\/v2\/posts"}],"about":[{"href":"https:\/\/quicosenza.it\/news\/wp-json\/wp\/v2\/types\/post"}],"author":[{"embeddable":true,"href":"https:\/\/quicosenza.it\/news\/wp-json\/wp\/v2\/users\/58"}],"replies":[{"embeddable":true,"href":"https:\/\/quicosenza.it\/news\/wp-json\/wp\/v2\/comments?post=236879"}],"version-history":[{"count":0,"href":"https:\/\/quicosenza.it\/news\/wp-json\/wp\/v2\/posts\/236879\/revisions"}],"wp:featuredmedia":[{"embeddable":true,"href":"https:\/\/quicosenza.it\/news\/wp-json\/wp\/v2\/media\/236880"}],"wp:attachment":[{"href":"https:\/\/quicosenza.it\/news\/wp-json\/wp\/v2\/media?parent=236879"}],"wp:term":[{"taxonomy":"category","embeddable":true,"href":"https:\/\/quicosenza.it\/news\/wp-json\/wp\/v2\/categories?post=236879"},{"taxonomy":"post_tag","embeddable":true,"href":"https:\/\/quicosenza.it\/news\/wp-json\/wp\/v2\/tags?post=236879"}],"curies":[{"name":"wp","href":"https:\/\/api.w.org\/{rel}","templated":true}]}}