{"id":236953,"date":"2024-08-05T14:31:36","date_gmt":"2024-08-05T12:31:36","guid":{"rendered":"https:\/\/www.quicosenza.it\/news\/?p=236953"},"modified":"2024-08-05T14:31:36","modified_gmt":"2024-08-05T12:31:36","slug":"mendicino-offese-social-al-sindaco-bucarelli-e-alla-sua-famiglia-frasi-intollerabili-e-vergognose","status":"publish","type":"post","link":"https:\/\/quicosenza.it\/news\/mendicino-offese-social-al-sindaco-bucarelli-e-alla-sua-famiglia-frasi-intollerabili-e-vergognose\/","title":{"rendered":"Mendicino, offese social al sindaco Bucarelli e alla sua famiglia: \u00abfrasi intollerabili e vergognose\u00bb"},"content":{"rendered":"<p>MENDICINO (CS) &#8211;<strong> Attaccato e denigrato su Facebook il marito del sindaco di Mendicino Irma Bucarelli,<\/strong> <strong>con accuse violente, diffamatorie e menzognere rivolte alla stessa Bucarelli, alla madre ottantenne del malcapitato e alla di lui sorella<\/strong>. A denunciare la deriva social \u00e8 il <strong>gruppo consiliare \u201cOrizzonte Mendicino\u201d,<\/strong> che stigmatizza il vergognoso video diffuso online dal primo dei non eletti della Lista \u201cMendicino Rinasce\u201d, che \u00abha rivolto frasi intollerabili, misogine, false e ignobili nei confronti di un\u2019intera famiglia, oltrepassando ogni limite di decenza\u00bb.<\/p>\n<p>Solidariet\u00e0 e vicinanza piena dei consiglieri di maggioranza al Sindaco e alla sua famiglia: \u00ab<strong>condanniamo senza riserve questo episodio inqualificabile<\/strong>, che denunciamo con forza affinch\u00e9 chi lo ha compiuto si assuma le proprie responsabilit\u00e0. La misura \u00e8 colma. Non tolleriamo questo livello di scontro, che nulla ha a che vedere con la politica, da parte di un soggetto che tenta di portare avanti una narrazione falsa e che avr\u00e0 sicuramente dei <strong>risvolti legali<\/strong>. Le offese personali, alla famiglia, ai collaboratori, agli amici non hanno nulla a che fare con gli interessi dei cittadini e non fanno che allontanare la gente dalla politica\u00bb.<\/p>\n<p>\u201cOrizzonte Mendicino\u201d parla di un <strong>vero e proprio delirio pubblico da parte di un \u201cpersonaggio\u201d di per s\u00e9 controverso e aggressivo, n<\/strong>ei cui confronti \u00abdispiace la mancata presa di distanza dei gruppi consiliari di minoranza, improvvisamente affetti da un mutismo assordante. Gli insulti e la diffamazione sono fatti gravi, da condannare al di l\u00e0 delle posizioni politiche di ciascuno non solo per difendere le persone coinvolte loro malgrado ma soprattutto per tutelare un\u2019istituzione e per riaffermare un principio di civilt\u00e0.<\/p>\n<p>La politica deve essere dialogo e confronto, ma <strong>le offese e le violenze verbali non sono accettabili<\/strong>. A questo signore \u2013 se cos\u00ec si pu\u00f2 dire \u2013 diciamo che il nostro Sindaco non si lascer\u00e0 intimidire dalle sue contumelie, perch\u00e9 la comunit\u00e0 mendicinese \u00e8 con lei\u00bb.<\/p>\n","protected":false},"excerpt":{"rendered":"<p>MENDICINO (CS) &#8211; Attaccato e denigrato su Facebook il marito del sindaco di Mendicino Irma Bucarelli, con accuse violente, diffamatorie e menzognere rivolte alla stessa Bucarelli, alla madre ottantenne del malcapitato e alla di lui sorella. A denunciare la deriva social \u00e8 il gruppo consiliare \u201cOrizzonte Mendicino\u201d, che stigmatizza il vergognoso video diffuso online dal [&hellip;]<\/p>\n","protected":false},"author":58,"featured_media":215040,"comment_status":"closed","ping_status":"closed","sticky":false,"template":"","format":"standard","meta":{"_acf_changed":false,"footnotes":"","jetpack_publicize_message":"","jetpack_publicize_feature_enabled":true,"jetpack_social_post_already_shared":false,"jetpack_social_options":{"image_generator_settings":{"template":"highway","default_image_id":0,"font":"","enabled":false},"version":2}},"categories":[28],"tags":[19],"class_list":["post-236953","post","type-post","status-publish","format-standard","has-post-thumbnail","hentry","category-provincia","tag-copertina"],"acf":[],"jetpack_publicize_connections":[],"_links":{"self":[{"href":"https:\/\/quicosenza.it\/news\/wp-json\/wp\/v2\/posts\/236953","targetHints":{"allow":["GET"]}}],"collection":[{"href":"https:\/\/quicosenza.it\/news\/wp-json\/wp\/v2\/posts"}],"about":[{"href":"https:\/\/quicosenza.it\/news\/wp-json\/wp\/v2\/types\/post"}],"author":[{"embeddable":true,"href":"https:\/\/quicosenza.it\/news\/wp-json\/wp\/v2\/users\/58"}],"replies":[{"embeddable":true,"href":"https:\/\/quicosenza.it\/news\/wp-json\/wp\/v2\/comments?post=236953"}],"version-history":[{"count":0,"href":"https:\/\/quicosenza.it\/news\/wp-json\/wp\/v2\/posts\/236953\/revisions"}],"wp:featuredmedia":[{"embeddable":true,"href":"https:\/\/quicosenza.it\/news\/wp-json\/wp\/v2\/media\/215040"}],"wp:attachment":[{"href":"https:\/\/quicosenza.it\/news\/wp-json\/wp\/v2\/media?parent=236953"}],"wp:term":[{"taxonomy":"category","embeddable":true,"href":"https:\/\/quicosenza.it\/news\/wp-json\/wp\/v2\/categories?post=236953"},{"taxonomy":"post_tag","embeddable":true,"href":"https:\/\/quicosenza.it\/news\/wp-json\/wp\/v2\/tags?post=236953"}],"curies":[{"name":"wp","href":"https:\/\/api.w.org\/{rel}","templated":true}]}}