{"id":237123,"date":"2024-08-15T18:30:16","date_gmt":"2024-08-15T16:30:16","guid":{"rendered":"https:\/\/www.quicosenza.it\/news\/?p=237123"},"modified":"2024-08-15T18:45:19","modified_gmt":"2024-08-15T16:45:19","slug":"al-via-la-x-edizione-di-bacchanalia-due-giornate-di-cultura-musica-ed-enogastronomia","status":"publish","type":"post","link":"https:\/\/quicosenza.it\/news\/al-via-la-x-edizione-di-bacchanalia-due-giornate-di-cultura-musica-ed-enogastronomia\/","title":{"rendered":"Al via la X edizione di Bacchanalia: due giornate di cultura, musica ed enogastronomia"},"content":{"rendered":"<p>TIRIOLO (CZ) &#8211; \u201c<strong>Bacchanalia, 2200 anni dopo<\/strong>\u201d \u00e8 pronta a festeggiare la sua decima edizione a Tiriolo con un ricco programma che domani, venerd\u00ec 16, e sabato 17 agosto <strong>accender\u00e0 nuovamente l\u2019estate calabrese<\/strong>. La macchina organizzativa \u00e8 curata dalla Pro Loco Tiriolo \u201cTerra dei Feaci\u201d, dall\u2019Associazione Culturale Musicale \u201cChiave di SOL\u201d, che firma la direzione artistica, e dall\u2019Associazione Culturale \u201cTeura\u201d impegnati insieme a promuovere un cartellone in grado di coniugare il divertimento con lo spettacolo, la riflessione culturale con la sensibilizzazione sociale, contribuendo a valorizzare la conoscenza di Tiriolo e delle sue radici identitarie.<\/p>\n<p>Per il decimo compleanno, accanto all\u2019immancabile <strong>Corteo nuziale itinerante di Bacco &amp; Arianna<\/strong> che richiama i culti dionisiaci, la manifestazione proporr\u00e0 diversi altri appuntamenti e un calendario musicale per tutti i gusti, con una particolare attenzione alle tradizioni popolari, rigorosamente ad ingresso gratuito.<\/p>\n<p><strong>Si parte venerd\u00ec 16 agosto<\/strong>, alle ore 20, nella nuova location di Piazza Sant\u2019Angelo con Januaria Carito, cantautrice ed interprete catanzarese d&#8217;adozione spagnola. Dalle 21 in Piazza Seggio si esibir\u00e0 il Tarab Ensemble, trio di voci e percussioni al femminile composto da Federica Greco, Alessandra Colucci e Serena Lionetto, che si muove intorno alla World Music. Seguir\u00e0 il progetto artistico di matrice africana a cura di Moussa Ndao &#8211; Djembe &amp; Doundoun, Boto Sissoko \u2013 Kora e Fabio Tropea \u2013 Batteria. Alle 23, sul palco di Piazza Italia, sar\u00e0 la volta di Gioman &amp; Killacat Live Show feat Mujina Crew &amp; The Mad Ones (Dancehall Queen): l\u2019incontro musicale tra artisti e gruppi icone che, da tanti anni, continuano a esportare il reggae calabrese al centro del movimento dancehall nazionale.<\/p>\n<p><strong>Sabato 17 agosto<\/strong> un intenso programma musicale proporr\u00e0 in Piazza Seggio, alle 20.30, il concerto di Peppe Voltarelli: fondatore, voce e leader de Il parto delle nuvole pesanti, band di culto del nuovo folk italiano, da solista si \u00e8 aggiudicato tre volte la Targa Tenco e con il suo ultimo lavoro, il disco \u201cLa grande corsa verso Lupion\u00f2polis\u201d, si \u00e8 posizionato al secondo posto nella classifica finale del Premio Tenco nella categoria miglior album in dialetto. Sul palco di Piazza Italia, alle 22.30, salir\u00e0 per il gran finale Enzo Avitabile, l\u2019artista italiano simbolo della contaminazione tra generi e che ha fatto della contaminazione di stili e linguaggi il proprio credo, riuscendo ad abbattere ogni confine. Nella ricerca di un suono inedito, non solamente originale ma vitale ed essenziale, Avitabile ha condiviso il palco con artisti pop e rock di tutto il mondo, lavorando sempre per dare nuova linfa alle proprie radici. La sua presenza sar\u00e0 anche simbolo di un impegno sociale, portato avanti da ambasciatore Unicef e Amnesty International, che ben si sposa con la mission culturale dell\u2019evento di Tiriolo.<\/p>\n<p><strong>Venerd\u00ec 16 agosto<\/strong><\/p>\n<p>Castel Sant\u2019Angelo<br \/>\nInno al Tramonto &#8211; h 19:00<\/p>\n<p>Piazza Sant\u2019Angelo &#8211; h 20:00<br \/>\nJanuaria Carito, Live Acoustic<\/p>\n<p>Pizza Seggio (Centro Storico) h 21:00<br \/>\nTarab Ensemble<\/p>\n<p>Piazza Seggio (Centro Storico) h 22:00<br \/>\nMoussa Ndao<\/p>\n<p>Piazza Italia &#8211; h 23:00<br \/>\nGioman &amp; Killat FEAT Mujina Crew &amp; The Mad ones (Dancehall Queen)<\/p>\n<p><strong>Sabato 17 agosto<\/strong><\/p>\n<p>Castel Sant\u2019Angelo<br \/>\nInno all\u2019Aurora &#8211; h 5:30<\/p>\n<p>Piazza Italia &#8211; h 18:00<br \/>\nCorteo Nuziale di Bacco &amp; Arianna itinerante<\/p>\n<p>Pizza Seggio (Centro Storico) h 20:30<br \/>\nPeppe Voltarelli<\/p>\n<p>Piazza Italia &#8211; h 22:30<br \/>\nEnzo Avitabile &amp; Black Tarantella Band<\/p>\n","protected":false},"excerpt":{"rendered":"<p>TIRIOLO (CZ) &#8211; \u201cBacchanalia, 2200 anni dopo\u201d \u00e8 pronta a festeggiare la sua decima edizione a Tiriolo con un ricco programma che domani, venerd\u00ec 16, e sabato 17 agosto accender\u00e0 nuovamente l\u2019estate calabrese. La macchina organizzativa \u00e8 curata dalla Pro Loco Tiriolo \u201cTerra dei Feaci\u201d, dall\u2019Associazione Culturale Musicale \u201cChiave di SOL\u201d, che firma la direzione [&hellip;]<\/p>\n","protected":false},"author":42,"featured_media":237125,"comment_status":"closed","ping_status":"closed","sticky":false,"template":"","format":"standard","meta":{"_acf_changed":false,"footnotes":"","jetpack_publicize_message":"","jetpack_publicize_feature_enabled":true,"jetpack_social_post_already_shared":false,"jetpack_social_options":{"image_generator_settings":{"template":"highway","default_image_id":0,"font":"","enabled":false},"version":2}},"categories":[17],"tags":[],"class_list":["post-237123","post","type-post","status-publish","format-standard","has-post-thumbnail","hentry","category-calabria"],"acf":[],"jetpack_publicize_connections":[],"_links":{"self":[{"href":"https:\/\/quicosenza.it\/news\/wp-json\/wp\/v2\/posts\/237123","targetHints":{"allow":["GET"]}}],"collection":[{"href":"https:\/\/quicosenza.it\/news\/wp-json\/wp\/v2\/posts"}],"about":[{"href":"https:\/\/quicosenza.it\/news\/wp-json\/wp\/v2\/types\/post"}],"author":[{"embeddable":true,"href":"https:\/\/quicosenza.it\/news\/wp-json\/wp\/v2\/users\/42"}],"replies":[{"embeddable":true,"href":"https:\/\/quicosenza.it\/news\/wp-json\/wp\/v2\/comments?post=237123"}],"version-history":[{"count":0,"href":"https:\/\/quicosenza.it\/news\/wp-json\/wp\/v2\/posts\/237123\/revisions"}],"wp:featuredmedia":[{"embeddable":true,"href":"https:\/\/quicosenza.it\/news\/wp-json\/wp\/v2\/media\/237125"}],"wp:attachment":[{"href":"https:\/\/quicosenza.it\/news\/wp-json\/wp\/v2\/media?parent=237123"}],"wp:term":[{"taxonomy":"category","embeddable":true,"href":"https:\/\/quicosenza.it\/news\/wp-json\/wp\/v2\/categories?post=237123"},{"taxonomy":"post_tag","embeddable":true,"href":"https:\/\/quicosenza.it\/news\/wp-json\/wp\/v2\/tags?post=237123"}],"curies":[{"name":"wp","href":"https:\/\/api.w.org\/{rel}","templated":true}]}}