{"id":237185,"date":"2024-08-08T11:43:19","date_gmt":"2024-08-08T09:43:19","guid":{"rendered":"https:\/\/www.quicosenza.it\/news\/?p=237185"},"modified":"2024-08-08T18:28:53","modified_gmt":"2024-08-08T16:28:53","slug":"pestato-in-una-discoteca-23enne-muore-in-calabria-denunciati-sanitari-e-buttafuori-del-locale","status":"publish","type":"post","link":"https:\/\/quicosenza.it\/news\/pestato-in-una-discoteca-23enne-muore-in-calabria-denunciati-sanitari-e-buttafuori-del-locale\/","title":{"rendered":"Pestato in una discoteca, 23enne muore in Calabria: denunciati sanitari e buttafuori del locale"},"content":{"rendered":"<p>MILANO &#8211; Un ragazzo di 23 anni, <strong>Omar Bassi, \u00e8 morto il 5 agosto a Reggio\u00a0<\/strong><strong>Calabria<\/strong>, dove era in vacanza per un\u2019emorragia cerebrale. Il 20 luglio, a una festa in una discoteca nel Varesotto, era stato vittima di un pestaggio da parte del personale del locale.\u00a0<strong>Poi era andato in ospedale e dimesso con una prognosi di tre giorni<\/strong>, tanto che era partito serenamente per le vacanze. E ora, dalle colonne del quotidiano La Prealpina, i parenti chiedono di verificare se ci sia un nesso tra le botte prese giorni prima, la visita al pronto soccorso e la morte, avvenuta pochi giorni dopo.<\/p>\n<p>I genitori di Omar, residenti a Bollate, si sono rivolti subito ai carabinieri, denunciando i buttafuori individuati dai testimoni come responsabili del pestaggio in discoteca, ma anche i sanitari della struttura dell\u2019Alto milanese cui il giovane si era rivolto due giorni dopo, e che lo avevano dimesso in codice verde, prescrivendo paracetamolo in caso di dolore. Confortato dalla visita medica,\u00a0<strong>nella notte tra il 2 e il 3 agosto il 23enne era partito per la<\/strong>\u00a0<strong>Calabria<\/strong>. Il 5 mattina, i genitori lo hanno trovato accasciato a terra. Trasportato in elicottero all\u2019ospedale di Reggio, il ventitreenne \u00e8 stato sottoposto a tac con liquido di contrasto, impietoso il verdetto:\u00a0<strong>morte cerebrale<\/strong>. Il cuore ha smesso di battere poche ore dopo. Sul corpo del ragazzo sar\u00e0 eseguita l\u2019autopsia, nel frattempo gli atti giudiziari saranno trasmessi alla procura di Busto Arsizio (Varese) per competenza territoriale.<\/p>\n<p>E&#8217; stata raggiunta<strong> la somma di oltre 3000 euro con una raccolta fondi lanciata da un amico di Omar Bassi<\/strong>. &#8220;Un ragazzo di 23 anni \u00e8 stato picchiato brutalmente fuori da una discoteca da pi\u00f9 di 5 buttafuori! Senza motivo in modo continuativo mio fratello perch\u00e9 per me era un fratello siamo cresciuti insieme! <strong>Vi chiedo di donare quanto vi sentite se avete un cuore per i suoi poveri genitori e le persone care a lui. Giustizia per Omy<\/strong>!&#8221; chiede l&#8217;amico, che tre giorni fa ha lanciato la raccolta sulla piattaforma Gofundme.<\/p>\n","protected":false},"excerpt":{"rendered":"<p>MILANO &#8211; Un ragazzo di 23 anni, Omar Bassi, \u00e8 morto il 5 agosto a Reggio\u00a0Calabria, dove era in vacanza per un\u2019emorragia cerebrale. Il 20 luglio, a una festa in una discoteca nel Varesotto, era stato vittima di un pestaggio da parte del personale del locale.\u00a0Poi era andato in ospedale e dimesso con una prognosi [&hellip;]<\/p>\n","protected":false},"author":61,"featured_media":183526,"comment_status":"closed","ping_status":"closed","sticky":false,"template":"","format":"standard","meta":{"_acf_changed":false,"footnotes":"","jetpack_publicize_message":"","jetpack_publicize_feature_enabled":true,"jetpack_social_post_already_shared":false,"jetpack_social_options":{"image_generator_settings":{"template":"highway","default_image_id":0,"font":"","enabled":false},"version":2}},"categories":[17],"tags":[19],"class_list":["post-237185","post","type-post","status-publish","format-standard","has-post-thumbnail","hentry","category-calabria","tag-copertina"],"acf":[],"jetpack_publicize_connections":[],"_links":{"self":[{"href":"https:\/\/quicosenza.it\/news\/wp-json\/wp\/v2\/posts\/237185","targetHints":{"allow":["GET"]}}],"collection":[{"href":"https:\/\/quicosenza.it\/news\/wp-json\/wp\/v2\/posts"}],"about":[{"href":"https:\/\/quicosenza.it\/news\/wp-json\/wp\/v2\/types\/post"}],"author":[{"embeddable":true,"href":"https:\/\/quicosenza.it\/news\/wp-json\/wp\/v2\/users\/61"}],"replies":[{"embeddable":true,"href":"https:\/\/quicosenza.it\/news\/wp-json\/wp\/v2\/comments?post=237185"}],"version-history":[{"count":0,"href":"https:\/\/quicosenza.it\/news\/wp-json\/wp\/v2\/posts\/237185\/revisions"}],"wp:featuredmedia":[{"embeddable":true,"href":"https:\/\/quicosenza.it\/news\/wp-json\/wp\/v2\/media\/183526"}],"wp:attachment":[{"href":"https:\/\/quicosenza.it\/news\/wp-json\/wp\/v2\/media?parent=237185"}],"wp:term":[{"taxonomy":"category","embeddable":true,"href":"https:\/\/quicosenza.it\/news\/wp-json\/wp\/v2\/categories?post=237185"},{"taxonomy":"post_tag","embeddable":true,"href":"https:\/\/quicosenza.it\/news\/wp-json\/wp\/v2\/tags?post=237185"}],"curies":[{"name":"wp","href":"https:\/\/api.w.org\/{rel}","templated":true}]}}