{"id":237201,"date":"2024-08-08T15:30:32","date_gmt":"2024-08-08T13:30:32","guid":{"rendered":"https:\/\/www.quicosenza.it\/news\/?p=237201"},"modified":"2024-08-08T14:57:43","modified_gmt":"2024-08-08T12:57:43","slug":"ripopolamento-borghi-ecco-la-nuova-programmazione-per-lo-sviluppo-dei-comuni-montani","status":"publish","type":"post","link":"https:\/\/quicosenza.it\/news\/ripopolamento-borghi-ecco-la-nuova-programmazione-per-lo-sviluppo-dei-comuni-montani\/","title":{"rendered":"Ripopolamento borghi: ecco la nuova programmazione per lo sviluppo dei Comuni montani"},"content":{"rendered":"<p>CATANZARO &#8211; Sono state illustrate oggi, alla Cittadella di Catanzaro, alcune iniziative per ripopolare i piccoli borghi calabresi. Si tratta, nello specifico, di <strong>due bandi pubblici<\/strong> rivolti ai Comuni calabresi classificati montani e\/o parzialmente montani: \u201c<strong>Abita Comuni montani<\/strong>\u201d e \u201c<strong>Sviluppo delle montagne calabresi<\/strong>\u201d. A rendere noti i dettagli sono stati il presidente della Regione, Roberto Occhiuto, e l\u2019assessore all\u2019Agricoltura, Risorse agroalimentari e Forestazione, Aree interne e Minoranze linguistiche, Gianluca Gallo.<\/p>\n<h4><strong>Occhiuto: \u00abattrarre nuovi residenti\u00bb<\/strong><\/h4>\n<p>\u201cLa <strong>Calabria<\/strong> \u2013 ha esordito il presidente Occhiuto \u2013 <strong>perde continuamente residenti<\/strong>, perde continuamente giovani che vanno a lavorare in altre regioni e quindi, come dico spesso, perde porzioni del proprio prodotto interno lordo. Con questi interventi del Fondo per la montagna vogliamo misurare la possibilit\u00e0 della Calabria di <strong>attrarre nuovi residenti<\/strong>, vogliamo creare le condizioni per consentire ai giovani di rimanere in Calabria e anche per <strong>attrarre flussi demografici d\u2019entrata in Calabria<\/strong>. Ci sono molti borghi calabresi che potrebbero offrire una qualit\u00e0 della vita straordinaria ai pensionati o alle persone che possono svolgere la propria attivit\u00e0 lavorando da remoto che decidono di vivere in uno dei bellissimo Comuni calabresi\u201d.<\/p>\n<p>\u201cUna recente elaborazione Istat \u2013 ha proseguito Occhiuto \u2013 ha misurato il grado di benessere in Italia, soprattutto per gli <strong>anziani<\/strong>, e ha verificato che la <strong>Calabria<\/strong> \u00e8 la prima <strong>regione per grado di benessere almeno per quello che riguarda la sicurezza<\/strong>. Io sono convinto che ci sia la possibilit\u00e0 di attrarre pensionati e anche nomadi digitali. Per quanto riguarda i pensionati, insieme al presidente nazionale dell\u2019Inps, con l\u2019assessore Gallo, stiamo studiando una <strong>formula per attribuire un incentivo sulla pensione<\/strong> per chi decidesse di trasferirsi in un Comune calabrese. E allora, dare la possibilit\u00e0 a queste persone di stare in una regione che ha un clima straordinario, che ha un costo della vita anche inferiore a quello di altre regioni, diventa una importante opportunit\u00e0 per ripopolare i nostri borghi. Si tratta di due misure che ci potranno consentire di attrarre residenti in una regione meravigliosa, la pi\u00f9 bella d\u2019Italia che pu\u00f2 essere anche un luogo straordinario dove vivere\u201d.<\/p>\n<h5><strong>Gallo: \u00ab20 mila euro per chi trasferisce la propria residenza\u00bb<\/strong><\/h5>\n<p>L\u2019assessore Gallo ha evidenziato come le storture che il Covid ha fatto emergere, abbiano accelerato questi processi di grande interesse per i piccoli centri montani. \u201cChi vive in <strong>spazi ristretti<\/strong> \u2013 ha specificato l\u2019assessore \u2013 sostenendo un <strong>costo elevato della vita<\/strong> potr\u00e0 sicuramente <strong>apprezzare la quiete e la sostenibilit\u00e0 di queste aree interne montane<\/strong> che, per una serie di congiunture socio economiche, si sono spopolate quasi completamente. Questo \u00e8 un primo esperimento che vogliamo fare per tentare di riportare verso questi comuni gente che vive, spesso non bene, in aree ad alta intensit\u00e0 urbana\u201d.<\/p>\n<p>L\u2019assessore Gallo ha, poi, spiegato che \u201cla <strong>Regione investir\u00e0 20 mila euro<\/strong> per ognuno che decider\u00e0 di trasferire la propria residenza in queste piccole comunit\u00e0 mettendo in campo la propria professionalit\u00e0, avviando un\u2019attivit\u00e0 imprenditoriale. Nel bando sar\u00e0 previsto che questo si sposi con le esigenze delle comunit\u00e0. Il Comune si candider\u00e0 indicando quali le esigenze del proprio territorio. Se questa misura andr\u00e0 bene noi investiremo altre risorse attraverso il fondo sociale europeo\u00bb.<\/p>\n<p>&#8220;<strong>L\u2019altro bando<\/strong>, che ha voluto fortemente il presidente Occhiuto \u2013 ha proseguito l\u2019assessore Gallo \u2013 \u00e8 destinata ai <strong>pensionati<\/strong> e a coloro che <strong>lavorano prevalentemente da remoto.<\/strong> Un ulteriore bando \u00e8 destinato ai comuni parzialmente montani e montani per la realizzazione di tutta una serie di interventi, anche di natura preventiva e ambientale, come la realizzazione di laghetti collinari o di natura ambientali, ma collegati al turismo. Ringrazio il presidente Occhiuto \u2013 ha concluso Gallo \u2013 per aver creduto in questa programmazione andando a supportare di chi vive ancora in questi luoghi, chi li amministra e li preserva&#8221;.<\/p>\n<h4><strong>11 milioni di euro per entrambi i bandi<\/strong><\/h4>\n<p>I due bandi sono stati illustrati nello specifico dal dirigente generale del Dipartimento Forestazione, <strong>Domenico Pallaria<\/strong>. Con \u201c<strong>Abita i Comuni montani<\/strong>\u201d, finanziato con <strong>5 milioni di euro<\/strong> del Fondo della montagna 2022-2023, si vuole favorire il <strong>ripopolamento dei piccoli Comuni calabresi montani con meno di 3000 abitanti.<\/strong><\/p>\n<p>Le amministrazioni comunali, che hanno beneficiato dei contributi regionali, possono concedere finanziamenti a chi intende avviare un\u2019attivit\u00e0 imprenditoriale, a chi \u00e8 gi\u00e0 in pensione, a chi svolge lavoro agile che dovranno trasferire la loro la residenza e il domicilio nel Comune montano che concede il contributo. A coloro i quali intendono avviare una attivit\u00e0 imprenditoriale verr\u00e0 riconosciuto un contributo a fondo perduto pari a 20 mila euro, ai pensionati e alle persone che svolgono lavoro agile a distanza un contributo una tantum di 5 mila euro.<\/p>\n<p>L\u2019obiettivo del <strong>bando<\/strong> \u201c<strong>Sviluppo delle montagne calabresi<\/strong>\u201d, finanziato con circa <strong>6 milioni di euro<\/strong> del fondo della montagna 2023, \u00e8 quello di sovvenzionare idee progettuali presentate dai Comuni calabresi definiti montani e\/o parzialmente montani riguardanti interventi per la <strong>salvaguardia e la valorizzazione della montagna calabrese<\/strong> attraverso la realizzazione di aree adeguatamente attrezzate per consentire l\u2019atterraggio dell\u2019elisoccorso anche nelle ore notturne, attraverso interventi per la riqualificazione centri storici, per gli arredi urbani, la cartellonistica, per la manutenzione straordinaria della viabilit\u00e0 comunale e per la realizzazione di piccoli invasi volti sia alla produzione idroelettrica che all\u2019incremento dell\u2019irrigazione per le aree agricole anche per fini di antincendio boschivo. <strong>Ad ogni Comune potr\u00e0 essere finanziato un solo progetto<\/strong> per un <strong>massimo di 100 mila euro<\/strong>. Per la realizzazione dell\u2019area di atterraggio dell\u2019elisoccorso il finanziamento massimo potr\u00e0 essere pari a <strong>75 mila euro.\u00a0<\/strong><\/p>\n","protected":false},"excerpt":{"rendered":"<p>CATANZARO &#8211; Sono state illustrate oggi, alla Cittadella di Catanzaro, alcune iniziative per ripopolare i piccoli borghi calabresi. Si tratta, nello specifico, di due bandi pubblici rivolti ai Comuni calabresi classificati montani e\/o parzialmente montani: \u201cAbita Comuni montani\u201d e \u201cSviluppo delle montagne calabresi\u201d. A rendere noti i dettagli sono stati il presidente della Regione, Roberto [&hellip;]<\/p>\n","protected":false},"author":42,"featured_media":237202,"comment_status":"closed","ping_status":"closed","sticky":false,"template":"","format":"standard","meta":{"_acf_changed":false,"footnotes":"","jetpack_publicize_message":"","jetpack_publicize_feature_enabled":true,"jetpack_social_post_already_shared":false,"jetpack_social_options":{"image_generator_settings":{"template":"highway","default_image_id":0,"font":"","enabled":false},"version":2}},"categories":[17],"tags":[19],"class_list":["post-237201","post","type-post","status-publish","format-standard","has-post-thumbnail","hentry","category-calabria","tag-copertina"],"acf":[],"jetpack_publicize_connections":[],"_links":{"self":[{"href":"https:\/\/quicosenza.it\/news\/wp-json\/wp\/v2\/posts\/237201","targetHints":{"allow":["GET"]}}],"collection":[{"href":"https:\/\/quicosenza.it\/news\/wp-json\/wp\/v2\/posts"}],"about":[{"href":"https:\/\/quicosenza.it\/news\/wp-json\/wp\/v2\/types\/post"}],"author":[{"embeddable":true,"href":"https:\/\/quicosenza.it\/news\/wp-json\/wp\/v2\/users\/42"}],"replies":[{"embeddable":true,"href":"https:\/\/quicosenza.it\/news\/wp-json\/wp\/v2\/comments?post=237201"}],"version-history":[{"count":0,"href":"https:\/\/quicosenza.it\/news\/wp-json\/wp\/v2\/posts\/237201\/revisions"}],"wp:featuredmedia":[{"embeddable":true,"href":"https:\/\/quicosenza.it\/news\/wp-json\/wp\/v2\/media\/237202"}],"wp:attachment":[{"href":"https:\/\/quicosenza.it\/news\/wp-json\/wp\/v2\/media?parent=237201"}],"wp:term":[{"taxonomy":"category","embeddable":true,"href":"https:\/\/quicosenza.it\/news\/wp-json\/wp\/v2\/categories?post=237201"},{"taxonomy":"post_tag","embeddable":true,"href":"https:\/\/quicosenza.it\/news\/wp-json\/wp\/v2\/tags?post=237201"}],"curies":[{"name":"wp","href":"https:\/\/api.w.org\/{rel}","templated":true}]}}