{"id":237295,"date":"2024-08-09T20:30:12","date_gmt":"2024-08-09T18:30:12","guid":{"rendered":"https:\/\/www.quicosenza.it\/news\/?p=237295"},"modified":"2024-08-09T19:18:11","modified_gmt":"2024-08-09T17:18:11","slug":"peste-suina-dal-2023-casi-positivi-nel-reggino-17-segnalati-nei-cinghiali-e-6-nei-suini","status":"publish","type":"post","link":"https:\/\/quicosenza.it\/news\/peste-suina-dal-2023-casi-positivi-nel-reggino-17-segnalati-nei-cinghiali-e-6-nei-suini\/","title":{"rendered":"Peste suina: dal 2023 casi positivi nel reggino, 17 segnalati nei cinghiali e 6 nei suini"},"content":{"rendered":"<p>CATANZARO &#8211; E&#8217; dalla primavera del 2023 che la peste suina africana (Psa) \u00e8 stata riscontrata, per la prima volta in <strong>Calabria<\/strong>, a Cardeto in provincia di Reggio. La segnalazione ha riguardato, in quella circostanza, la <strong>carcassa di un cinghiale<\/strong> risultato <strong>positivo<\/strong> che \u00e8 stata individuata nel territorio del comune dell&#8217;entroterra. Da quell&#8217;episodio che ha fatto scattare l&#8217;allarme <strong>altri cluster<\/strong> sono stati individuati sempre nella stessa provincia ma sul versante ionico dove la presenza della Psa \u00e8 stata rilevata in due <strong>allevamenti semibradi di suini nel comune di Africo, nella fascia ionica e ancora nel territorio di San Luca<\/strong>. Ad oggi, con l&#8217;attivazione della zona rossa, sono <strong>17 i casi di positivit\u00e0 alla Psa segnalati nei cinghiali e 6 nei suini.<\/strong><\/p>\n<p><strong>In Calabria gi\u00e0 dal 30 agosto 2022<\/strong> \u00e8 in vigore un &#8216;Piano regionale di interventi urgenti per la prevenzione e la sorveglianza della peste suina. &#8220;In data 5 febbraio 2024 &#8211; fa sapere la Regione &#8211; \u00e8 stato approvato il &#8216;Piano di eradicazione della PSA &#8211; Regione Calabria 2024&#8217;, secondo le disposizioni del commissario straordinario nazionale alla peste suina africana (Psa). In attuazione del predetto Piano, il Dipartimento Agricoltura effettua il monitoraggio degli abbattimenti dei cinghiali da parte delle squadre autorizzate dagli Ambiti territoriali di caccia. Nel <strong>periodo gennaio-aprile 2024<\/strong> gli abbattimenti di ungulati sono stati complessivamente <strong>6.055<\/strong>.<\/p>\n<h4>Contenimento del fenomeno<\/h4>\n<p><strong>La Regione Calabria<\/strong> si segnala come una delle regioni pi\u00f9 attive nel contenimento del fenomeno, con incrementi annuali significativi dei prelievi realizzati in caccia collettiva, di selezione e in attivit\u00e0 di controllo.<strong> I cinghiali abbattuto sono stati 19.225 nel periodo 2019-2021, 23.157 nel 2022 e 32.853 nel 2023.<\/strong> Inoltre la Regione con delibera n. 280 del 13 giugno 2024 ha approvato &#8220;le Linee di indirizzo per la redazione del Piano straordinario regionale quinquennale per la gestione e il contenimento della specie cinghiale (sus scrofa)&#8221;, che prevedono procedure pi\u00f9 efficaci per il contenimento del fenomeno. Inoltre \u00e8 stato costituito il Tavolo di coordinamento ed \u00e8 in iter la redazione del Piano straordinario che sar\u00e0 approvato entro settembre&#8221;.<\/p>\n","protected":false},"excerpt":{"rendered":"<p>CATANZARO &#8211; E&#8217; dalla primavera del 2023 che la peste suina africana (Psa) \u00e8 stata riscontrata, per la prima volta in Calabria, a Cardeto in provincia di Reggio. La segnalazione ha riguardato, in quella circostanza, la carcassa di un cinghiale risultato positivo che \u00e8 stata individuata nel territorio del comune dell&#8217;entroterra. Da quell&#8217;episodio che ha [&hellip;]<\/p>\n","protected":false},"author":42,"featured_media":237296,"comment_status":"closed","ping_status":"closed","sticky":false,"template":"","format":"standard","meta":{"_acf_changed":false,"footnotes":"","jetpack_publicize_message":"","jetpack_publicize_feature_enabled":true,"jetpack_social_post_already_shared":false,"jetpack_social_options":{"image_generator_settings":{"template":"highway","default_image_id":0,"font":"","enabled":false},"version":2}},"categories":[17],"tags":[19],"class_list":["post-237295","post","type-post","status-publish","format-standard","has-post-thumbnail","hentry","category-calabria","tag-copertina"],"acf":[],"jetpack_publicize_connections":[],"_links":{"self":[{"href":"https:\/\/quicosenza.it\/news\/wp-json\/wp\/v2\/posts\/237295","targetHints":{"allow":["GET"]}}],"collection":[{"href":"https:\/\/quicosenza.it\/news\/wp-json\/wp\/v2\/posts"}],"about":[{"href":"https:\/\/quicosenza.it\/news\/wp-json\/wp\/v2\/types\/post"}],"author":[{"embeddable":true,"href":"https:\/\/quicosenza.it\/news\/wp-json\/wp\/v2\/users\/42"}],"replies":[{"embeddable":true,"href":"https:\/\/quicosenza.it\/news\/wp-json\/wp\/v2\/comments?post=237295"}],"version-history":[{"count":0,"href":"https:\/\/quicosenza.it\/news\/wp-json\/wp\/v2\/posts\/237295\/revisions"}],"wp:featuredmedia":[{"embeddable":true,"href":"https:\/\/quicosenza.it\/news\/wp-json\/wp\/v2\/media\/237296"}],"wp:attachment":[{"href":"https:\/\/quicosenza.it\/news\/wp-json\/wp\/v2\/media?parent=237295"}],"wp:term":[{"taxonomy":"category","embeddable":true,"href":"https:\/\/quicosenza.it\/news\/wp-json\/wp\/v2\/categories?post=237295"},{"taxonomy":"post_tag","embeddable":true,"href":"https:\/\/quicosenza.it\/news\/wp-json\/wp\/v2\/tags?post=237295"}],"curies":[{"name":"wp","href":"https:\/\/api.w.org\/{rel}","templated":true}]}}