{"id":237322,"date":"2024-08-10T19:00:29","date_gmt":"2024-08-10T17:00:29","guid":{"rendered":"https:\/\/www.quicosenza.it\/news\/?p=237322"},"modified":"2024-08-10T19:07:13","modified_gmt":"2024-08-10T17:07:13","slug":"alvini-contro-il-torino-faremo-una-buona-partita-serve-tempo-e-4-5-giocatori","status":"publish","type":"post","link":"https:\/\/quicosenza.it\/news\/alvini-contro-il-torino-faremo-una-buona-partita-serve-tempo-e-4-5-giocatori\/","title":{"rendered":"Alvini: contro il Torino faremo una buona partita. Serve tempo e 4-5 giocatori"},"content":{"rendered":"<p>COSENZA &#8211; A circa un mese dall&#8217;inizio di allenamenti, preparazione, ritiro e partitelle, il <strong>Cosenza \u00e8 pronto per l&#8217;esordio ufficiale<\/strong>. Domani sera, infatti, <strong>la squadra rossobl\u00f9 sar\u00e0 di scena al &#8220;Grande Torino&#8221; per i trentaduesimi di Coppa Italia<\/strong>.<\/p>\n<p>Una &#8220;prima&#8221; che arriva ad una settimana esatta dall&#8217;esordio in campionato in programma <strong>domenica 18 agosto alle 20.30 al San Vito Marulla contro la Cremonese<\/strong>.<\/p>\n<p>Non pu\u00f2 essere ancora il vero Cosenza, questo \u00e8 certo. Sia perch\u00e8 alcuni giocatori non sono ancora al top, sia perch\u00e8 <strong>si attendono nuovi innesti<\/strong>. In generale, per\u00f2, <strong>il tecnico Massimiliano Alvini<\/strong>, nel corso della conferenza stampa di presentazione del match di Coppa, chiede tempo e pazienza ai tifosi: &#8220;<strong>Chiedo alla citt\u00e0 ed ai tifosi di avere pazienza<\/strong> &#8211; ha detto Alvini &#8211; perch\u00e8 questo \u00e8 un progetto nuovo. Al momento <strong>\u00e8 un progetto crudo, immaturo, che necessit\u00e0 di tempo<\/strong>. In questo momento c&#8217;\u00e8 bisogno di lavorare, di costruire, di mettere a posto tante cose e solo il tempo ed il lavoro potranno permetterlo&#8221;.<\/p>\n<p>Capitolo mercato, <strong>per Alvini serviranno almeno 4-5 giocatori<\/strong>: &#8220;Abbiamo bisogno di <strong>un difensore<\/strong> &#8211; ha detto chiaramente il tecnico facendo riferimento alle assenze nel pacchetto arretrato &#8211; <strong>un esterno, un centrocampista ed uno o due attaccanti<\/strong>. Lo sappiamo tutti. Arriveranno o non arriveranno? Vedremo. Intanto <strong>facciamo con quelli che abbiamo<\/strong>&#8220;.<\/p>\n<p>Una partita alla volta. Guai a pensare al match contro la Cremonese. Occhi puntati, ora, solo sul match contro il Torino: &#8220;Sono certo che domani<strong> la squadra metter\u00e0 in campo ci\u00f2 che abbiamo fatto in questo mese<\/strong>. Sono certo che faremo una buona partita. Metteremo in campo quelle che sono le nostre idee&#8221;.<\/p>\n<p>&nbsp;<\/p>\n","protected":false},"excerpt":{"rendered":"<p>COSENZA &#8211; A circa un mese dall&#8217;inizio di allenamenti, preparazione, ritiro e partitelle, il Cosenza \u00e8 pronto per l&#8217;esordio ufficiale. Domani sera, infatti, la squadra rossobl\u00f9 sar\u00e0 di scena al &#8220;Grande Torino&#8221; per i trentaduesimi di Coppa Italia. Una &#8220;prima&#8221; che arriva ad una settimana esatta dall&#8217;esordio in campionato in programma domenica 18 agosto alle [&hellip;]<\/p>\n","protected":false},"author":65,"featured_media":237327,"comment_status":"closed","ping_status":"closed","sticky":false,"template":"","format":"video","meta":{"_acf_changed":false,"footnotes":"","jetpack_publicize_message":"","jetpack_publicize_feature_enabled":true,"jetpack_social_post_already_shared":false,"jetpack_social_options":{"image_generator_settings":{"template":"highway","default_image_id":0,"font":"","enabled":false},"version":2}},"categories":[20],"tags":[19,135],"class_list":["post-237322","post","type-post","status-publish","format-video","has-post-thumbnail","hentry","category-sport","tag-copertina","tag-video","post_format-post-format-video"],"acf":[],"jetpack_publicize_connections":[],"_links":{"self":[{"href":"https:\/\/quicosenza.it\/news\/wp-json\/wp\/v2\/posts\/237322","targetHints":{"allow":["GET"]}}],"collection":[{"href":"https:\/\/quicosenza.it\/news\/wp-json\/wp\/v2\/posts"}],"about":[{"href":"https:\/\/quicosenza.it\/news\/wp-json\/wp\/v2\/types\/post"}],"author":[{"embeddable":true,"href":"https:\/\/quicosenza.it\/news\/wp-json\/wp\/v2\/users\/65"}],"replies":[{"embeddable":true,"href":"https:\/\/quicosenza.it\/news\/wp-json\/wp\/v2\/comments?post=237322"}],"version-history":[{"count":0,"href":"https:\/\/quicosenza.it\/news\/wp-json\/wp\/v2\/posts\/237322\/revisions"}],"wp:featuredmedia":[{"embeddable":true,"href":"https:\/\/quicosenza.it\/news\/wp-json\/wp\/v2\/media\/237327"}],"wp:attachment":[{"href":"https:\/\/quicosenza.it\/news\/wp-json\/wp\/v2\/media?parent=237322"}],"wp:term":[{"taxonomy":"category","embeddable":true,"href":"https:\/\/quicosenza.it\/news\/wp-json\/wp\/v2\/categories?post=237322"},{"taxonomy":"post_tag","embeddable":true,"href":"https:\/\/quicosenza.it\/news\/wp-json\/wp\/v2\/tags?post=237322"}],"curies":[{"name":"wp","href":"https:\/\/api.w.org\/{rel}","templated":true}]}}