{"id":237333,"date":"2024-08-11T14:00:16","date_gmt":"2024-08-11T12:00:16","guid":{"rendered":"https:\/\/www.quicosenza.it\/news\/?p=237333"},"modified":"2024-08-11T11:44:18","modified_gmt":"2024-08-11T09:44:18","slug":"sinappe-ancora-aggressioni-ai-danni-dei-poliziotti-penitenziari-feriti-due-agenti","status":"publish","type":"post","link":"https:\/\/quicosenza.it\/news\/sinappe-ancora-aggressioni-ai-danni-dei-poliziotti-penitenziari-feriti-due-agenti\/","title":{"rendered":"Sinappe, ancora aggressioni ai danni dei poliziotti penitenziari: feriti due agenti"},"content":{"rendered":"<div id=\"txt_cont\">VIBO VALENTIA &#8211; Ancora aggressioni nei confronti di poliziotti penitenziari da parte di detenuti che nelle<strong> passate settimane si sono resi responsabili di altri eventi critici nel carcere di Vibo Valentia<\/strong>. E&#8217; quanto rende noto Cristina Bus\u00e0, vicesegretaria regionale Sinappe Cristina Busa&#8217;.<\/div>\n<div><\/div>\n<div><strong>&#8220;Due colleghi &#8211; aggiunge Bus\u00e0 &#8211; hanno dovuto fare ricorso alle cure mediche. Tutto \u00e8 scaturito per futili motivi, semplici pretesti per creare disordini, detenuti con problemi di dipendenze o problematiche psichiatrich<\/strong>e che agiscono per ottenere farmaci o altri beni, richieste pretestuose che sempre pi\u00f9 spesso hanno ripercussioni solo sull&#8217;incolumit\u00e0 del personale di Polizia penitenziaria che subisce aggressioni senza la possibilit\u00e0 di poter difendere i suoi diritti, il suo diritto al lavoro, il suo diritto alla vita&#8221;.<\/div>\n<div><\/div>\n<div>&#8220;Appare incomprensibile &#8211; sostiene la vicesegretaria regionale del sindacato &#8211; quanto sta accadendo nel penitenziario di Vibo Valentia, <strong>un settore detentivo sempre pi\u00f9 problematico nel quale quotidianamente si assiste ad aggressioni o eventi critici che mettono a dura prova il sistema penitenziario, una vera e propria emergenza.<\/strong> Il personale di Polizia penitenziaria ha necessit\u00e0 di certezze, ha bisogno di sapere che l&#8217;Amministrazione \u00e8 pronta a sostenere e difendere i suoi uomini, ha necessit\u00e0 di essere tutelato perch\u00e9 le difficolt\u00e0 sono all&#8217;ordine del giorno. Il personale \u00e8 cosciente che il proprio lavoro ha grande rilevanza sociale, ma oggi il senso di abbandono ha preso il sopravvento&#8221;.<\/div>\n<div><\/div>\n<div>&#8220;I due colleghi aggrediti hanno dovuto fare ricorso alle cure mediche del caso, ma la ferita pi\u00f9 grande non \u00e8 quella visibile agli occhi, ma quella che ogni poliziotto oggi porta dentro di s\u00e9, il fallimento di un sistema che dovrebbe garantire tanto alla societ\u00e0 esterna quanto agli operatori penitenziari sicurezza e dignit\u00e0 lavorativa&#8221;.<\/div>\n","protected":false},"excerpt":{"rendered":"<p>VIBO VALENTIA &#8211; Ancora aggressioni nei confronti di poliziotti penitenziari da parte di detenuti che nelle passate settimane si sono resi responsabili di altri eventi critici nel carcere di Vibo Valentia. E&#8217; quanto rende noto Cristina Bus\u00e0, vicesegretaria regionale Sinappe Cristina Busa&#8217;. &#8220;Due colleghi &#8211; aggiunge Bus\u00e0 &#8211; hanno dovuto fare ricorso alle cure mediche. [&hellip;]<\/p>\n","protected":false},"author":61,"featured_media":209074,"comment_status":"closed","ping_status":"closed","sticky":false,"template":"","format":"standard","meta":{"_acf_changed":false,"footnotes":"","jetpack_publicize_message":"","jetpack_publicize_feature_enabled":true,"jetpack_social_post_already_shared":false,"jetpack_social_options":{"image_generator_settings":{"template":"highway","default_image_id":0,"font":"","enabled":false},"version":2}},"categories":[17],"tags":[19],"class_list":["post-237333","post","type-post","status-publish","format-standard","has-post-thumbnail","hentry","category-calabria","tag-copertina"],"acf":[],"jetpack_publicize_connections":[],"_links":{"self":[{"href":"https:\/\/quicosenza.it\/news\/wp-json\/wp\/v2\/posts\/237333","targetHints":{"allow":["GET"]}}],"collection":[{"href":"https:\/\/quicosenza.it\/news\/wp-json\/wp\/v2\/posts"}],"about":[{"href":"https:\/\/quicosenza.it\/news\/wp-json\/wp\/v2\/types\/post"}],"author":[{"embeddable":true,"href":"https:\/\/quicosenza.it\/news\/wp-json\/wp\/v2\/users\/61"}],"replies":[{"embeddable":true,"href":"https:\/\/quicosenza.it\/news\/wp-json\/wp\/v2\/comments?post=237333"}],"version-history":[{"count":0,"href":"https:\/\/quicosenza.it\/news\/wp-json\/wp\/v2\/posts\/237333\/revisions"}],"wp:featuredmedia":[{"embeddable":true,"href":"https:\/\/quicosenza.it\/news\/wp-json\/wp\/v2\/media\/209074"}],"wp:attachment":[{"href":"https:\/\/quicosenza.it\/news\/wp-json\/wp\/v2\/media?parent=237333"}],"wp:term":[{"taxonomy":"category","embeddable":true,"href":"https:\/\/quicosenza.it\/news\/wp-json\/wp\/v2\/categories?post=237333"},{"taxonomy":"post_tag","embeddable":true,"href":"https:\/\/quicosenza.it\/news\/wp-json\/wp\/v2\/tags?post=237333"}],"curies":[{"name":"wp","href":"https:\/\/api.w.org\/{rel}","templated":true}]}}