{"id":237396,"date":"2024-08-12T19:00:49","date_gmt":"2024-08-12T17:00:49","guid":{"rendered":"https:\/\/www.quicosenza.it\/news\/?p=237396"},"modified":"2024-08-12T18:16:09","modified_gmt":"2024-08-12T16:16:09","slug":"istituzione-della-provincia-della-sibaritide-graziano-passare-ai-fatti","status":"publish","type":"post","link":"https:\/\/quicosenza.it\/news\/istituzione-della-provincia-della-sibaritide-graziano-passare-ai-fatti\/","title":{"rendered":"Istituzione della &#8216;Provincia della Sibaritide&#8217;, Graziano \u00abpassare ai fatti\u00bb"},"content":{"rendered":"<p>CORIGLIANO ROSSANO (CS) \u2013 &#8220;Aprire una discussione proficua e finalizzata all\u2019istituzione della <strong>nuova Provincia della Sibaritide<\/strong> credo sia il naturale approdo delle aspirazioni di questo territorio&#8221;.\u00a0\u00c8 quanto dichiara il consigliere regionale e presidente di Azione Calabria, <strong>Giuseppe Graziano<\/strong>, intervenendo nel dibattito e rilanciando quelli che sono stati i principi di un progetto che fu uno dei cardini della campagna elettorale per le prime elezioni comunali di Corigliano-Rossano nel 2019.<\/p>\n<p>&#8220;La nascita di un nuovo ente sovraordinato era nella pancia del progetto di Legge della Fusione quale step successivo alla nascita della<strong> nuova terza citt\u00e0 della Calabria<\/strong>. Ora per\u00f2 serve meno populismo e pi\u00f9 concretezza per mettere a terra un\u2019altra grande ambizione di questo territorio.<strong> \u00c8 importante evitare inutili controversie politiche<\/strong> e di concentrarsi sull&#8217;implementazione di un piano che riaccenda l&#8217;interesse su vecchie battaglie per la creazione di questa Provincia.<strong> La nascita della nuova citt\u00e0 di Corigliano Rossano<\/strong> \u2013 sottolinea &#8211; ha modificato profondamente le dinamiche territoriali, offrendo un contesto favorevole per rivisitare e concretizzare la proposta di istituzione della provincia&#8221;.<\/p>\n<p>Il presidente di Azione Calabria invita, dunque &#8220;ad una <strong>linea di concretezza<\/strong> per raggiungere questo importante obiettivo che se ben canalizzato <strong>mira a rilanciare<\/strong> ancora di <strong>pi\u00f9 le aspettative della Calabria nord orientale.<\/strong> Credo fermamente \u2013 aggiunge &#8211; che se esiste una volont\u00e0 sincera e unanime, non c&#8217;\u00e8 bisogno di ulteriori discussioni politiche per evidenziarla. \u00c8 necessario, invece, <strong>sedersi attorno a un tavolo<\/strong> e avanzare una richiesta formale per l&#8217;istituzione del nuovo ente sovraordinato, coinvolgendo tutti i parlamentari calabresi e meridionali che dovranno sostenere questa iniziativa nei due rami del Parlamento, soprattutto <strong>in vista della discussione e approvazione del nuovo testo unico delle leggi sull&#8217;ordinamento degli enti locali (TUOEL<\/strong>) che andr\u00e0 e re-introdurre l\u2019elezione diretta degli organi istituzionali e politici. Se dovessimo arrivare in ritardo rispetto a questo appuntamento \u00e8 ovvio che sar\u00e0 molto difficile rimettere in discussione l\u2019istituzione di una nuova Provincia. Pertanto \u2013 conclude Giuseppe Graziano \u2013 bisogna essere concreti, determinati, risoluti e veloci&#8221;.<\/p>\n","protected":false},"excerpt":{"rendered":"<p>CORIGLIANO ROSSANO (CS) \u2013 &#8220;Aprire una discussione proficua e finalizzata all\u2019istituzione della nuova Provincia della Sibaritide credo sia il naturale approdo delle aspirazioni di questo territorio&#8221;.\u00a0\u00c8 quanto dichiara il consigliere regionale e presidente di Azione Calabria, Giuseppe Graziano, intervenendo nel dibattito e rilanciando quelli che sono stati i principi di un progetto che fu uno [&hellip;]<\/p>\n","protected":false},"author":42,"featured_media":237397,"comment_status":"closed","ping_status":"closed","sticky":false,"template":"","format":"standard","meta":{"_acf_changed":false,"footnotes":"","jetpack_publicize_message":"","jetpack_publicize_feature_enabled":true,"jetpack_social_post_already_shared":false,"jetpack_social_options":{"image_generator_settings":{"template":"highway","default_image_id":0,"font":"","enabled":false},"version":2}},"categories":[28],"tags":[19],"class_list":["post-237396","post","type-post","status-publish","format-standard","has-post-thumbnail","hentry","category-provincia","tag-copertina"],"acf":[],"jetpack_publicize_connections":[],"_links":{"self":[{"href":"https:\/\/quicosenza.it\/news\/wp-json\/wp\/v2\/posts\/237396","targetHints":{"allow":["GET"]}}],"collection":[{"href":"https:\/\/quicosenza.it\/news\/wp-json\/wp\/v2\/posts"}],"about":[{"href":"https:\/\/quicosenza.it\/news\/wp-json\/wp\/v2\/types\/post"}],"author":[{"embeddable":true,"href":"https:\/\/quicosenza.it\/news\/wp-json\/wp\/v2\/users\/42"}],"replies":[{"embeddable":true,"href":"https:\/\/quicosenza.it\/news\/wp-json\/wp\/v2\/comments?post=237396"}],"version-history":[{"count":0,"href":"https:\/\/quicosenza.it\/news\/wp-json\/wp\/v2\/posts\/237396\/revisions"}],"wp:featuredmedia":[{"embeddable":true,"href":"https:\/\/quicosenza.it\/news\/wp-json\/wp\/v2\/media\/237397"}],"wp:attachment":[{"href":"https:\/\/quicosenza.it\/news\/wp-json\/wp\/v2\/media?parent=237396"}],"wp:term":[{"taxonomy":"category","embeddable":true,"href":"https:\/\/quicosenza.it\/news\/wp-json\/wp\/v2\/categories?post=237396"},{"taxonomy":"post_tag","embeddable":true,"href":"https:\/\/quicosenza.it\/news\/wp-json\/wp\/v2\/tags?post=237396"}],"curies":[{"name":"wp","href":"https:\/\/api.w.org\/{rel}","templated":true}]}}