{"id":237448,"date":"2024-08-13T17:30:09","date_gmt":"2024-08-13T15:30:09","guid":{"rendered":"https:\/\/www.quicosenza.it\/news\/?p=237448"},"modified":"2024-08-13T16:29:29","modified_gmt":"2024-08-13T14:29:29","slug":"mormanno-inaugurato-nuovo-parcheggio-nel-rione-costa-con-vista-mozzafiato-sulla-valle-del-mercure","status":"publish","type":"post","link":"https:\/\/quicosenza.it\/news\/mormanno-inaugurato-nuovo-parcheggio-nel-rione-costa-con-vista-mozzafiato-sulla-valle-del-mercure\/","title":{"rendered":"Mormanno: inaugurato nuovo parcheggio nel rione Costa con vista mozzafiato sulla Valle del Mercure"},"content":{"rendered":"<p>MORMANNO (CS) &#8211; L&#8217;amministrazione comunale di Mormanno, guidata dal sindaco Paolo Pappaterra, ha inaugurato il <strong>parcheggio nel rione Costa<\/strong>, nel cuore del centro storico, in localit\u00e0 Castello. \u00abQui fino a poco tempo fa esisteva <strong>un&#8217;area abbandonata<\/strong>, oggi abbiamo ripristinato lo spazio in localit\u00e0 Castello donandogli una doppia valenza. Innanzitutto &#8211; ha dichiarato il primo cittadino &#8211; lo abbiamo reso <strong>un&#8217;area parcheggio, che migliora la viabilit\u00e0<\/strong> e <strong>l&#8217;accessibilit\u00e0 nel centro storico<\/strong>, e poi abbiamo realizzato una splendida <strong>terrazza con una vista mozzafiato sulla Valle del Mercure\u00bb<\/strong>.<\/p>\n<p>\u00abEcco la sintesi di ci\u00f2 che pensiamo e vogliamo continuare a fare per Mormanno: spenderci in interventi e progettualit\u00e0 che migliorano la vivibilit\u00e0 del borgo e li rendono funzionali alle esigenze dei cittadini e dei turisti che in numero sempre maggiore ci scelgono per ammirare le bellezze del Pollino e immergersi nel ritmo di una comunit\u00e0 accogliente\u00bb.<\/p>\n<p><img loading=\"lazy\" decoding=\"async\" class=\"wp-image-237449 aligncenter\" src=\"https:\/\/quicosenza.it\/news\/wp-content\/uploads\/2024\/08\/parcheggio-mormanno-inaugurazione-rione-costa-02.jpg\" alt=\"\" width=\"407\" height=\"252\" title=\"\" srcset=\"https:\/\/quicosenza.it\/news\/wp-content\/uploads\/2024\/08\/parcheggio-mormanno-inaugurazione-rione-costa-02.jpg 970w, https:\/\/quicosenza.it\/news\/wp-content\/uploads\/2024\/08\/parcheggio-mormanno-inaugurazione-rione-costa-02-300x186.jpg 300w, https:\/\/quicosenza.it\/news\/wp-content\/uploads\/2024\/08\/parcheggio-mormanno-inaugurazione-rione-costa-02-768x475.jpg 768w, https:\/\/quicosenza.it\/news\/wp-content\/uploads\/2024\/08\/parcheggio-mormanno-inaugurazione-rione-costa-02-679x420.jpg 679w, https:\/\/quicosenza.it\/news\/wp-content\/uploads\/2024\/08\/parcheggio-mormanno-inaugurazione-rione-costa-02-150x93.jpg 150w, https:\/\/quicosenza.it\/news\/wp-content\/uploads\/2024\/08\/parcheggio-mormanno-inaugurazione-rione-costa-02-696x431.jpg 696w, https:\/\/quicosenza.it\/news\/wp-content\/uploads\/2024\/08\/parcheggio-mormanno-inaugurazione-rione-costa-02-356x220.jpg 356w\" sizes=\"auto, (max-width: 407px) 100vw, 407px\" \/><\/p>\n<p>Alla inaugurazione dell&#8217;opera oltre ai rappresentanti istituzionali dell&#8217;amministrazione e del consiglio comunale erano presenti l&#8217;assessore all&#8217;agricoltura della Regione Calabria, <strong>Gianluca Gallo<\/strong>, e il presidente del Gal Pollino Sviluppo, <strong>Domenico Pappaterra<\/strong>, che hanno sottolineato l&#8217;importanza di tali interventi per lo sviluppo e la valorizzazione del territorio.<\/p>\n","protected":false},"excerpt":{"rendered":"<p>MORMANNO (CS) &#8211; L&#8217;amministrazione comunale di Mormanno, guidata dal sindaco Paolo Pappaterra, ha inaugurato il parcheggio nel rione Costa, nel cuore del centro storico, in localit\u00e0 Castello. \u00abQui fino a poco tempo fa esisteva un&#8217;area abbandonata, oggi abbiamo ripristinato lo spazio in localit\u00e0 Castello donandogli una doppia valenza. Innanzitutto &#8211; ha dichiarato il primo cittadino [&hellip;]<\/p>\n","protected":false},"author":42,"featured_media":237450,"comment_status":"closed","ping_status":"closed","sticky":false,"template":"","format":"standard","meta":{"_acf_changed":false,"footnotes":"","jetpack_publicize_message":"","jetpack_publicize_feature_enabled":true,"jetpack_social_post_already_shared":false,"jetpack_social_options":{"image_generator_settings":{"template":"highway","default_image_id":0,"font":"","enabled":false},"version":2}},"categories":[28],"tags":[19],"class_list":["post-237448","post","type-post","status-publish","format-standard","has-post-thumbnail","hentry","category-provincia","tag-copertina"],"acf":[],"jetpack_publicize_connections":[],"_links":{"self":[{"href":"https:\/\/quicosenza.it\/news\/wp-json\/wp\/v2\/posts\/237448","targetHints":{"allow":["GET"]}}],"collection":[{"href":"https:\/\/quicosenza.it\/news\/wp-json\/wp\/v2\/posts"}],"about":[{"href":"https:\/\/quicosenza.it\/news\/wp-json\/wp\/v2\/types\/post"}],"author":[{"embeddable":true,"href":"https:\/\/quicosenza.it\/news\/wp-json\/wp\/v2\/users\/42"}],"replies":[{"embeddable":true,"href":"https:\/\/quicosenza.it\/news\/wp-json\/wp\/v2\/comments?post=237448"}],"version-history":[{"count":0,"href":"https:\/\/quicosenza.it\/news\/wp-json\/wp\/v2\/posts\/237448\/revisions"}],"wp:featuredmedia":[{"embeddable":true,"href":"https:\/\/quicosenza.it\/news\/wp-json\/wp\/v2\/media\/237450"}],"wp:attachment":[{"href":"https:\/\/quicosenza.it\/news\/wp-json\/wp\/v2\/media?parent=237448"}],"wp:term":[{"taxonomy":"category","embeddable":true,"href":"https:\/\/quicosenza.it\/news\/wp-json\/wp\/v2\/categories?post=237448"},{"taxonomy":"post_tag","embeddable":true,"href":"https:\/\/quicosenza.it\/news\/wp-json\/wp\/v2\/tags?post=237448"}],"curies":[{"name":"wp","href":"https:\/\/api.w.org\/{rel}","templated":true}]}}