{"id":237510,"date":"2024-08-14T14:00:15","date_gmt":"2024-08-14T12:00:15","guid":{"rendered":"https:\/\/www.quicosenza.it\/news\/?p=237510"},"modified":"2024-08-14T13:56:59","modified_gmt":"2024-08-14T11:56:59","slug":"emergenza-idrica-a-mandatoriccio-lavori-in-corso-per-riparare-una-condotta","status":"publish","type":"post","link":"https:\/\/quicosenza.it\/news\/emergenza-idrica-a-mandatoriccio-lavori-in-corso-per-riparare-una-condotta\/","title":{"rendered":"Emergenza idrica, a Mandatoriccio lavori in corso per riparare una condotta"},"content":{"rendered":"<p>MANDATORICCIO \u2013 A causa di una serie di perdite registrate sulla condotta adduttrice dell\u2019acquedotto Macrocioli di competenza Sorical, oggi (mercoled\u00ec 14), mancher\u00e0 l\u2019acqua in contrada Aprocello. Le squadre manutentive sono gi\u00e0 a lavoro per riparare le rotture e ripristinare nel breve periodo il servizio idrico.<\/p>\n<p><strong>IN CASO DI NECESSIT\u00c0 SAR\u00c0 ATTIVATO SERVIZIO AUTOBOTTE<\/strong><\/p>\n<p>\u00c8 quanto fa sapere il Sindaco Vincenzo Grispino sottolineando che, nel caso il problema dovesse persistere, sar\u00e0 attivato, cos\u00ec come da decreto regionale, il servizio di autobotte che sar\u00e0 garantito dalla Protezione Civile Regionale alla quale va il ringraziamento dell\u2019Amministrazione Comunale per il sostegno e la disponibilit\u00e0.<\/p>\n<p><strong>EMERGENZA ACQUA QUASI SUPERATA<\/strong><\/p>\n<p>Sull\u2019intero territorio comunale \u2013 aggiunge il Primo Cittadino &#8211; l\u2019acqua continua a mancare in alcune ore del giorno, ma i disagi sembrano essere ridotti rispetto all\u2019emergenza pi\u00f9 grave delle scorse settimane.<\/p>\n<p><strong>LUNED\u00cc 19 DISINFESTAZIONE SU INTERO TERRITORIO COMUNALE<\/strong><\/p>\n<p>Le operazioni di disinfestazione avranno inizio alle ore 23,30 e interesseranno l\u2019intero perimetro comunale. Si raccomanda di chiudere le finestre, non esporre all\u2019esterno delle abitazioni alimenti ed indumenti e di non sostare nelle zone in cui si svolge il servizio per non ostacolar le operazioni.<\/p>\n","protected":false},"excerpt":{"rendered":"<p>MANDATORICCIO \u2013 A causa di una serie di perdite registrate sulla condotta adduttrice dell\u2019acquedotto Macrocioli di competenza Sorical, oggi (mercoled\u00ec 14), mancher\u00e0 l\u2019acqua in contrada Aprocello. Le squadre manutentive sono gi\u00e0 a lavoro per riparare le rotture e ripristinare nel breve periodo il servizio idrico. IN CASO DI NECESSIT\u00c0 SAR\u00c0 ATTIVATO SERVIZIO AUTOBOTTE \u00c8 quanto [&hellip;]<\/p>\n","protected":false},"author":61,"featured_media":237512,"comment_status":"closed","ping_status":"closed","sticky":false,"template":"","format":"standard","meta":{"_acf_changed":false,"footnotes":"","jetpack_publicize_message":"","jetpack_publicize_feature_enabled":true,"jetpack_social_post_already_shared":false,"jetpack_social_options":{"image_generator_settings":{"template":"highway","default_image_id":0,"font":"","enabled":false},"version":2}},"categories":[28],"tags":[],"class_list":["post-237510","post","type-post","status-publish","format-standard","has-post-thumbnail","hentry","category-provincia"],"acf":[],"jetpack_publicize_connections":[],"_links":{"self":[{"href":"https:\/\/quicosenza.it\/news\/wp-json\/wp\/v2\/posts\/237510","targetHints":{"allow":["GET"]}}],"collection":[{"href":"https:\/\/quicosenza.it\/news\/wp-json\/wp\/v2\/posts"}],"about":[{"href":"https:\/\/quicosenza.it\/news\/wp-json\/wp\/v2\/types\/post"}],"author":[{"embeddable":true,"href":"https:\/\/quicosenza.it\/news\/wp-json\/wp\/v2\/users\/61"}],"replies":[{"embeddable":true,"href":"https:\/\/quicosenza.it\/news\/wp-json\/wp\/v2\/comments?post=237510"}],"version-history":[{"count":0,"href":"https:\/\/quicosenza.it\/news\/wp-json\/wp\/v2\/posts\/237510\/revisions"}],"wp:featuredmedia":[{"embeddable":true,"href":"https:\/\/quicosenza.it\/news\/wp-json\/wp\/v2\/media\/237512"}],"wp:attachment":[{"href":"https:\/\/quicosenza.it\/news\/wp-json\/wp\/v2\/media?parent=237510"}],"wp:term":[{"taxonomy":"category","embeddable":true,"href":"https:\/\/quicosenza.it\/news\/wp-json\/wp\/v2\/categories?post=237510"},{"taxonomy":"post_tag","embeddable":true,"href":"https:\/\/quicosenza.it\/news\/wp-json\/wp\/v2\/tags?post=237510"}],"curies":[{"name":"wp","href":"https:\/\/api.w.org\/{rel}","templated":true}]}}