{"id":237524,"date":"2024-08-17T06:00:44","date_gmt":"2024-08-17T04:00:44","guid":{"rendered":"https:\/\/www.quicosenza.it\/news\/?p=237524"},"modified":"2024-08-14T14:41:35","modified_gmt":"2024-08-14T12:41:35","slug":"a-san-cosmo-albanese-la-terza-edizione-della-sagra-del-fico","status":"publish","type":"post","link":"https:\/\/quicosenza.it\/news\/a-san-cosmo-albanese-la-terza-edizione-della-sagra-del-fico\/","title":{"rendered":"A San Cosmo Albanese, la terza edizione della &#8220;Sagra del Fico&#8221;"},"content":{"rendered":"<p>SAN COSMO ALBANESE (CS) &#8211; La tradizione si rinnova per celebrare il frutto citato anche dall&#8217;Abate <strong>Gioacchino da Fiore<\/strong>: \u00abNientemeno pi\u00f9 prezioso, e per la copia e per la perfezione egli \u00e8 il raccolto dei fichi (&#8230;) nere, bianche, altre brune, altre rossaccie, tutte per\u00f2 cos\u00ec dolci, che filano dalla creduta bocca stille di miele, e come se per filarlo non bastasse una sola apertura sul capo, sovvente ancora si stracciano per i fianchi\u00bb. Tutto pronto per la terza edizione della Sagra del Fico, in programma il 19 agosto a San Cosmo Albanese (Cs), manifestazione promossa dal Comune e dal Gal Sibaritide, che offrir\u00e0 spunti di riflessione sul <strong>valore dei fichi<\/strong>, <strong>risorsa economica e sociale<\/strong> dell&#8217;intera provincia di Cosenza. Un <strong>prezioso patrimonio<\/strong> da valorizzazione attraverso un evento come quello in programma a San Cosmo Albanese, utile a far conoscere le caratteristiche di un frutto unico.<\/p>\n<h4><strong>Il programma dell&#8217;evento: musica e intrattenimento<\/strong><\/h4>\n<p>Si aprir\u00e0 ufficialmente alle 18.30 all&#8217;Auditorium di San Cosmo Albanese con due Panel: il <strong>primo convegno<\/strong> dal titolo \u201c<strong>Biodiversit\u00e0, identit\u00e0 del territorio e del Gusto<\/strong>\u201d \u00e8 a cura di Gino Vulcano di Coldiretti. Il <strong>secondo<\/strong> Panel dal titolo \u201c <strong>Valorizzazione della Coltivazione del Fico<\/strong>\u201d \u00e8 a cura dell&#8217;agronomo Mario Reda.<\/p>\n<p><strong>Alle 20.30<\/strong>, nel <strong>Piazzale Santuario<\/strong>, gli <strong>stand enogastronomici<\/strong> offriranno percorsi di degustazione di prodotti tipici locali. Non mancheranno anche eventi musicali e intrattenimento con <strong>Shqiponjat, Castrum,<\/strong> <strong>artisti di strada e Fantasilandia: il parco divertimenti per bambini.<\/strong><\/p>\n<p>A portare i saluti istituzionali di <strong>Gianluca Gallo<\/strong>, assessore regionale all&#8217;agricoltura; <strong>Pasqualina Straface<\/strong> consigliera regionale; <strong>Damiano Baffa<\/strong> sindaco di San Cosmo Albanese; <strong>Arcangelo Minisci<\/strong> vice sindaco di San Cosmo Albanese; <strong>Antonio Pomillo<\/strong>, sindaco di Vaccarizzo Albanaese e presidente del Gal Sibaritide, ed <strong>Enrico Parisi<\/strong>, presidente provinciale Coldiretti Cosenza e delegato nazionale Coldiretti giovani imprenditori.<\/p>\n<p><img loading=\"lazy\" decoding=\"async\" class=\"wp-image-237532 aligncenter\" src=\"https:\/\/quicosenza.it\/news\/wp-content\/uploads\/2024\/08\/locandina-fico-san-cosmo-alb.jpg\" alt=\"\" width=\"489\" height=\"611\" title=\"\" srcset=\"https:\/\/quicosenza.it\/news\/wp-content\/uploads\/2024\/08\/locandina-fico-san-cosmo-alb.jpg 970w, https:\/\/quicosenza.it\/news\/wp-content\/uploads\/2024\/08\/locandina-fico-san-cosmo-alb-240x300.jpg 240w, https:\/\/quicosenza.it\/news\/wp-content\/uploads\/2024\/08\/locandina-fico-san-cosmo-alb-820x1024.jpg 820w, https:\/\/quicosenza.it\/news\/wp-content\/uploads\/2024\/08\/locandina-fico-san-cosmo-alb-768x959.jpg 768w, https:\/\/quicosenza.it\/news\/wp-content\/uploads\/2024\/08\/locandina-fico-san-cosmo-alb-336x420.jpg 336w, https:\/\/quicosenza.it\/news\/wp-content\/uploads\/2024\/08\/locandina-fico-san-cosmo-alb-150x187.jpg 150w, https:\/\/quicosenza.it\/news\/wp-content\/uploads\/2024\/08\/locandina-fico-san-cosmo-alb-300x375.jpg 300w, https:\/\/quicosenza.it\/news\/wp-content\/uploads\/2024\/08\/locandina-fico-san-cosmo-alb-696x869.jpg 696w\" sizes=\"auto, (max-width: 489px) 100vw, 489px\" \/><\/p>\n<p>&nbsp;<\/p>\n","protected":false},"excerpt":{"rendered":"<p>SAN COSMO ALBANESE (CS) &#8211; La tradizione si rinnova per celebrare il frutto citato anche dall&#8217;Abate Gioacchino da Fiore: \u00abNientemeno pi\u00f9 prezioso, e per la copia e per la perfezione egli \u00e8 il raccolto dei fichi (&#8230;) nere, bianche, altre brune, altre rossaccie, tutte per\u00f2 cos\u00ec dolci, che filano dalla creduta bocca stille di miele, [&hellip;]<\/p>\n","protected":false},"author":42,"featured_media":237528,"comment_status":"closed","ping_status":"closed","sticky":false,"template":"","format":"standard","meta":{"_acf_changed":false,"footnotes":"","jetpack_publicize_message":"","jetpack_publicize_feature_enabled":true,"jetpack_social_post_already_shared":false,"jetpack_social_options":{"image_generator_settings":{"template":"highway","default_image_id":0,"font":"","enabled":false},"version":2}},"categories":[28],"tags":[19],"class_list":["post-237524","post","type-post","status-publish","format-standard","has-post-thumbnail","hentry","category-provincia","tag-copertina"],"acf":[],"jetpack_publicize_connections":[],"_links":{"self":[{"href":"https:\/\/quicosenza.it\/news\/wp-json\/wp\/v2\/posts\/237524","targetHints":{"allow":["GET"]}}],"collection":[{"href":"https:\/\/quicosenza.it\/news\/wp-json\/wp\/v2\/posts"}],"about":[{"href":"https:\/\/quicosenza.it\/news\/wp-json\/wp\/v2\/types\/post"}],"author":[{"embeddable":true,"href":"https:\/\/quicosenza.it\/news\/wp-json\/wp\/v2\/users\/42"}],"replies":[{"embeddable":true,"href":"https:\/\/quicosenza.it\/news\/wp-json\/wp\/v2\/comments?post=237524"}],"version-history":[{"count":0,"href":"https:\/\/quicosenza.it\/news\/wp-json\/wp\/v2\/posts\/237524\/revisions"}],"wp:featuredmedia":[{"embeddable":true,"href":"https:\/\/quicosenza.it\/news\/wp-json\/wp\/v2\/media\/237528"}],"wp:attachment":[{"href":"https:\/\/quicosenza.it\/news\/wp-json\/wp\/v2\/media?parent=237524"}],"wp:term":[{"taxonomy":"category","embeddable":true,"href":"https:\/\/quicosenza.it\/news\/wp-json\/wp\/v2\/categories?post=237524"},{"taxonomy":"post_tag","embeddable":true,"href":"https:\/\/quicosenza.it\/news\/wp-json\/wp\/v2\/tags?post=237524"}],"curies":[{"name":"wp","href":"https:\/\/api.w.org\/{rel}","templated":true}]}}