{"id":237617,"date":"2024-08-16T15:36:44","date_gmt":"2024-08-16T13:36:44","guid":{"rendered":"https:\/\/www.quicosenza.it\/news\/?p=237617"},"modified":"2024-08-16T15:39:33","modified_gmt":"2024-08-16T13:39:33","slug":"a-tortora-enotria-festival-arte-musica-teatro-e-benessere-alleco-campo-degli-enotri","status":"publish","type":"post","link":"https:\/\/quicosenza.it\/news\/a-tortora-enotria-festival-arte-musica-teatro-e-benessere-alleco-campo-degli-enotri\/","title":{"rendered":"A Tortora &#8220;Enotria Festival&#8221;: arte, musica, teatro e benessere all&#8217;Eco Campo degli Enotri"},"content":{"rendered":"<p>TORTORA (CS) &#8211; L&#8217;Enotria Festival \u00e8 un&#8217;esperienza immersiva tra cultura, arte e natura, ospitato presso l&#8217;Eco-Campo degli Enotri a Tortora, <strong>luogo di condivisione culturale<\/strong> dove viaggiatori e artisti trovano lo spazio ideale per spettacoli e workshop. Organizzato da Tal\u00eca Produzioni, sotto la direzione artistica di <strong>Biagio Accardi<\/strong>, il festival \u00e8 un <strong>viaggio attraverso l&#8217;arte, la musica e le tradizioni,<\/strong> che si sposano perfettamente col contesto naturale tra il Parco Nazionale del Pollino e il Golfo di Policastro.<\/p>\n<p>\u00abLa <strong>filosofia dell&#8217;Eco Campo degli Enotri<\/strong> &#8211; dice il direttore artistico Biagio Accardi &#8211; oltre a basarsi sul <strong>rispetto dell&#8217;ambiente<\/strong>, \u00e8 soprattutto di <strong>natura inclusiva e partecipativa<\/strong>. Tutte le attivit\u00e0 previste sono infatti offerte in cambio di un contributo libero, con l&#8217;intento di scardinare il concetto che tutto debba necessariamente avere un prezzo\u00bb. Tale filosofia si riflette durante l&#8217;intero <strong>programma del festival<\/strong>, che spazia tra musica, teatro, meditazione, artigianato e benessere.<\/p>\n<p>Dopo i <strong>Cranchi and band,<\/strong> che hanno inaugurato gli eventi il 4 agosto, Enotria Festival ha visto i concerti di <strong>Esolune<\/strong>, progetto del chitarrista producer Daniele Sanfilippo e la violoncellista e cantante Deborah Perri, la sessione di <strong>Meditazione Sonora<\/strong> a cura di Biagio Accardi, il progetto<strong> Fa To<\/strong> del cantautore <strong>Fabrizio Poto, e il concerto del cantautore Eraldo Corti.<\/strong><\/p>\n<p><img loading=\"lazy\" decoding=\"async\" class=\" wp-image-237619 aligncenter\" src=\"https:\/\/quicosenza.it\/news\/wp-content\/uploads\/2024\/08\/Eco-Campo-enotri-tortora-02.jpg\" alt=\"\" width=\"528\" height=\"327\" title=\"\" srcset=\"https:\/\/quicosenza.it\/news\/wp-content\/uploads\/2024\/08\/Eco-Campo-enotri-tortora-02.jpg 970w, https:\/\/quicosenza.it\/news\/wp-content\/uploads\/2024\/08\/Eco-Campo-enotri-tortora-02-300x186.jpg 300w, https:\/\/quicosenza.it\/news\/wp-content\/uploads\/2024\/08\/Eco-Campo-enotri-tortora-02-768x475.jpg 768w, https:\/\/quicosenza.it\/news\/wp-content\/uploads\/2024\/08\/Eco-Campo-enotri-tortora-02-679x420.jpg 679w, https:\/\/quicosenza.it\/news\/wp-content\/uploads\/2024\/08\/Eco-Campo-enotri-tortora-02-150x93.jpg 150w, https:\/\/quicosenza.it\/news\/wp-content\/uploads\/2024\/08\/Eco-Campo-enotri-tortora-02-696x431.jpg 696w, https:\/\/quicosenza.it\/news\/wp-content\/uploads\/2024\/08\/Eco-Campo-enotri-tortora-02-356x220.jpg 356w\" sizes=\"auto, (max-width: 528px) 100vw, 528px\" \/><\/p>\n<h4>Programma<\/h4>\n<p>Dopo queste prime attivit\u00e0 sono previsti ancora spettacoli musicali, teatrali e workshop.<strong> Da domani, 17 agosto,<\/strong> prenderanno forma una serie di eventi dedicati alla ricerca, partendo dalla radice della tradizione musicale e narrativa della nostra terra. Sabato 17 l&#8217;Eco Campo ospiter\u00e0 il <strong>cantastorie Nando Brusco<\/strong>, che con lo spettacolo &#8220;Tamburo \u00e8 Voce&#8230;Battiti di un Cantastorie&#8221;, compie un viaggio nella cultura popolare della sua terra, in cui il racconto e la narrazione si incontrano con le potenzialit\u00e0 sonore del tamburo.<\/p>\n<p><strong>Marted\u00ec 19<\/strong> per tutto il giorno si svolger\u00e0 il <strong>workshop &#8220;Flauto armonico. Uno strumento primitivo e le sue potenzialit\u00e0 in un mondo moderno<\/strong>&#8220;, durante il quale si apprenderanno le tecniche di costruzione ed esecutive dello strumento, a cura del polistrumentista Oreste Forestieri, che si \u00e8 esibito sia in Italia che all&#8217;estero in alcuni tra i pi\u00f9 importanti festival e rassegne di world music e teatro. <strong>Nella serata ci sar\u00e0 il concerto<\/strong> &#8220;<strong>Soroche<\/strong>&#8220;, dello stesso artista, e una piccola restituzione con un intervento dei partecipanti al workshop.<\/p>\n<p><strong>Marted\u00ec 20 agosto alle 21.00<\/strong> sar\u00e0 la volta di <strong>Idiofonie<\/strong>, un viaggio tra suoni, canti e scale naturali dell&#8217;Appennino Meridionale, a cura di Oreste Forestieri e Catello Gargiulo, polistrumentista e cantante campano.<\/p>\n<p>Spazio anche al <strong>benessere<\/strong>, <strong>mercoled\u00ec 21 agosto alle 19:00<\/strong>, quando Annibale D&#8217;Angelo, dottore in Ayurveda, presenter\u00e0 &#8220;Ahara: l&#8217;Alimentazione Naturale&#8221;. La sessione sar\u00e0 seguita da &#8220;Polvere &#8211; spettacolo di cunti e canti &#8221; a cura di Elish, che si muove attorno a canti e racconti di tuta Europa.<\/p>\n<p><strong>Gioved\u00ec 22 agosto alle 19:00<\/strong>, <strong>Alessandra Colucci<\/strong>, musicista e musico-terapeuta, terr\u00e0 un laboratorio sull&#8217;uso delle campane tibetane nel massaggio vibrazionale armonico, seguito dal concerto del trio U Mommu, il Lupo della Sila, con Joe Mannarino, Luciano Longo e Alessandra Colucci. <strong>Dalle 23:00 dj set teatrale a cura di Teatro Brado Eventi<\/strong>.<\/p>\n<p><strong>Venerd\u00ec 23<\/strong> salir\u00e0 sul palco <strong>Massimiliano Muoio<\/strong>, figura di spicco della scena punk calabrese, che si esibir\u00e0 in una performance folk, country e blues, che passer\u00e0 la parola gioved\u00ec 24 alle 21:00 al musicista Gerardo Vespucci che porter\u00e0 &#8220;La Musica Popolare di Protesta&#8221;, un omaggio alla tradizione libertaria attraverso la musica.<\/p>\n<p><strong> Domenica 25 agosto<\/strong> sar\u00e0 dedicata alla &#8220;<strong>Sinfonia degli Organi<\/strong>&#8220;, un workshop basato sulla medicina tradizionale cinese, seguito dal concerto &#8220;Flusso di Coscienza&#8221;, di Antonello Petrella e Vittorio Nicoletti Altimari, una performance musicale aperta all&#8217;improvvisazione con appuntamenti su temi originali e momenti di coralit\u00e0 condivisa.<\/p>\n<p><strong>Luned\u00ec 26 agosto<\/strong> sar\u00e0 la volta del laboratorio sulla tammurriata con <strong>Flavia D&#8217;Aiello<\/strong>, scrittrice e produttrice di spettacoli teatrali, che <strong>marted\u00ec 27 agosto chiuder\u00e0 il festival<\/strong> con lo spettacolo<strong> &#8220;Era una Casa di Rose di Spine&#8221;, ispirato alla vita di Rosa Balistreri.<\/strong><\/p>\n<p>Oltre agli eventi serali, l&#8217;Enotria Festival offrir\u00e0 <strong>ogni mattina sessioni di yoga, laboratori permanenti sull&#8217;alimentazione naturale e vegetariana<\/strong>, laboratori di artigianato, cinema all&#8217;aperto e la possibilit\u00e0 di campeggiare gratuitamente.<\/p>\n","protected":false},"excerpt":{"rendered":"<p>TORTORA (CS) &#8211; L&#8217;Enotria Festival \u00e8 un&#8217;esperienza immersiva tra cultura, arte e natura, ospitato presso l&#8217;Eco-Campo degli Enotri a Tortora, luogo di condivisione culturale dove viaggiatori e artisti trovano lo spazio ideale per spettacoli e workshop. Organizzato da Tal\u00eca Produzioni, sotto la direzione artistica di Biagio Accardi, il festival \u00e8 un viaggio attraverso l&#8217;arte, la [&hellip;]<\/p>\n","protected":false},"author":42,"featured_media":237618,"comment_status":"closed","ping_status":"closed","sticky":false,"template":"","format":"standard","meta":{"_acf_changed":false,"footnotes":"","jetpack_publicize_message":"","jetpack_publicize_feature_enabled":true,"jetpack_social_post_already_shared":false,"jetpack_social_options":{"image_generator_settings":{"template":"highway","default_image_id":0,"font":"","enabled":false},"version":2}},"categories":[576],"tags":[],"class_list":["post-237617","post","type-post","status-publish","format-standard","has-post-thumbnail","hentry","category-tirreno"],"acf":[],"jetpack_publicize_connections":[],"_links":{"self":[{"href":"https:\/\/quicosenza.it\/news\/wp-json\/wp\/v2\/posts\/237617","targetHints":{"allow":["GET"]}}],"collection":[{"href":"https:\/\/quicosenza.it\/news\/wp-json\/wp\/v2\/posts"}],"about":[{"href":"https:\/\/quicosenza.it\/news\/wp-json\/wp\/v2\/types\/post"}],"author":[{"embeddable":true,"href":"https:\/\/quicosenza.it\/news\/wp-json\/wp\/v2\/users\/42"}],"replies":[{"embeddable":true,"href":"https:\/\/quicosenza.it\/news\/wp-json\/wp\/v2\/comments?post=237617"}],"version-history":[{"count":0,"href":"https:\/\/quicosenza.it\/news\/wp-json\/wp\/v2\/posts\/237617\/revisions"}],"wp:featuredmedia":[{"embeddable":true,"href":"https:\/\/quicosenza.it\/news\/wp-json\/wp\/v2\/media\/237618"}],"wp:attachment":[{"href":"https:\/\/quicosenza.it\/news\/wp-json\/wp\/v2\/media?parent=237617"}],"wp:term":[{"taxonomy":"category","embeddable":true,"href":"https:\/\/quicosenza.it\/news\/wp-json\/wp\/v2\/categories?post=237617"},{"taxonomy":"post_tag","embeddable":true,"href":"https:\/\/quicosenza.it\/news\/wp-json\/wp\/v2\/tags?post=237617"}],"curies":[{"name":"wp","href":"https:\/\/api.w.org\/{rel}","templated":true}]}}