{"id":237654,"date":"2024-08-16T17:55:51","date_gmt":"2024-08-16T15:55:51","guid":{"rendered":"https:\/\/www.quicosenza.it\/news\/?p=237654"},"modified":"2024-08-16T17:55:51","modified_gmt":"2024-08-16T15:55:51","slug":"vasto-incendio-sulla-statale-280-dei-due-mari-strada-temporaneamente-chiusa","status":"publish","type":"post","link":"https:\/\/quicosenza.it\/news\/vasto-incendio-sulla-statale-280-dei-due-mari-strada-temporaneamente-chiusa\/","title":{"rendered":"Vasto incendio sulla statale 280 dei Due Mari: strada temporaneamente chiusa"},"content":{"rendered":"<div>CATANZARO &#8211; La<strong> \u00a0strada statale 280 dei Due Mari &#8220;di Germaneto&#8221; \u00e8 temporaneamente chiusa in entrambe le direzioni a Catanzaro<\/strong> (dal km 1,200 al km 3) a causa di un vasto incendio che si sta espandendo ai lati della strada e del fumo provocato dal rogo. Il traffico \u00e8 deviato con indicazioni sul posto. Il personale Anas \u00e8 intervenuto per ripristinare la transitabilit\u00e0 appena possibile.<\/div>\n","protected":false},"excerpt":{"rendered":"<p>CATANZARO &#8211; La \u00a0strada statale 280 dei Due Mari &#8220;di Germaneto&#8221; \u00e8 temporaneamente chiusa in entrambe le direzioni a Catanzaro (dal km 1,200 al km 3) a causa di un vasto incendio che si sta espandendo ai lati della strada e del fumo provocato dal rogo. Il traffico \u00e8 deviato con indicazioni sul posto. Il [&hellip;]<\/p>\n","protected":false},"author":58,"featured_media":208585,"comment_status":"closed","ping_status":"closed","sticky":false,"template":"","format":"standard","meta":{"_acf_changed":false,"footnotes":"","jetpack_publicize_message":"","jetpack_publicize_feature_enabled":true,"jetpack_social_post_already_shared":false,"jetpack_social_options":{"image_generator_settings":{"template":"highway","default_image_id":0,"font":"","enabled":false},"version":2}},"categories":[17],"tags":[19],"class_list":["post-237654","post","type-post","status-publish","format-standard","has-post-thumbnail","hentry","category-calabria","tag-copertina"],"acf":[],"jetpack_publicize_connections":[],"_links":{"self":[{"href":"https:\/\/quicosenza.it\/news\/wp-json\/wp\/v2\/posts\/237654","targetHints":{"allow":["GET"]}}],"collection":[{"href":"https:\/\/quicosenza.it\/news\/wp-json\/wp\/v2\/posts"}],"about":[{"href":"https:\/\/quicosenza.it\/news\/wp-json\/wp\/v2\/types\/post"}],"author":[{"embeddable":true,"href":"https:\/\/quicosenza.it\/news\/wp-json\/wp\/v2\/users\/58"}],"replies":[{"embeddable":true,"href":"https:\/\/quicosenza.it\/news\/wp-json\/wp\/v2\/comments?post=237654"}],"version-history":[{"count":0,"href":"https:\/\/quicosenza.it\/news\/wp-json\/wp\/v2\/posts\/237654\/revisions"}],"wp:featuredmedia":[{"embeddable":true,"href":"https:\/\/quicosenza.it\/news\/wp-json\/wp\/v2\/media\/208585"}],"wp:attachment":[{"href":"https:\/\/quicosenza.it\/news\/wp-json\/wp\/v2\/media?parent=237654"}],"wp:term":[{"taxonomy":"category","embeddable":true,"href":"https:\/\/quicosenza.it\/news\/wp-json\/wp\/v2\/categories?post=237654"},{"taxonomy":"post_tag","embeddable":true,"href":"https:\/\/quicosenza.it\/news\/wp-json\/wp\/v2\/tags?post=237654"}],"curies":[{"name":"wp","href":"https:\/\/api.w.org\/{rel}","templated":true}]}}