{"id":237696,"date":"2024-08-17T17:30:35","date_gmt":"2024-08-17T15:30:35","guid":{"rendered":"https:\/\/www.quicosenza.it\/news\/?p=237696"},"modified":"2024-08-17T17:06:16","modified_gmt":"2024-08-17T15:06:16","slug":"cosenza-abitanti-delle-frazioni-senzacqua-da-5-giorni-spadafora-gravissimi-disagi","status":"publish","type":"post","link":"https:\/\/quicosenza.it\/news\/cosenza-abitanti-delle-frazioni-senzacqua-da-5-giorni-spadafora-gravissimi-disagi\/","title":{"rendered":"Cosenza: abitanti delle frazioni senz\u2019acqua da 5 giorni, Spadafora \u00abgravissimi disagi\u00bb"},"content":{"rendered":"<p>COSENZA &#8211; Il consigliere di minoranza di Cosenza, <strong>Francesco Spadafora<\/strong>, Capogruppo di Fratelli d\u2019Italia nel consesso civico, <strong>interviene per denunciare i disagi<\/strong> che tanti cittadini stanno vivendo in questi giorni a causa della <strong>mancanza dell\u2019acqua nelle loro abitazioni<\/strong>. \u201cLa situazione particolarmente critica risulta essere quella che riguarda gli abitanti delle frazioni, maggiormente per coloro che risiedono nelle zone di <strong>Cozzo Presta, Pigna, Diodato, Badessa e Cozzo del Monaco<\/strong>, dove da cinque giorni sono costretti a subire inspiegabili disservizi in ordine all\u2019erogazione idrica. La questione, come segnalato dai cittadini, \u00e8 ulteriormente aggravata e diventata insostenibile nelle <strong>ultime 24 ore<\/strong>, poich\u00e9 dai rubinetti, in modo ininterrotto, manca la preziosa e necessaria risorsa idrica\u201d.<\/p>\n<h4>Ai cittadini nessuna comunicazione<\/h4>\n<p>\u201cQuello che ancora \u00e8 pi\u00f9<strong> grave e intollerabile<\/strong> \u00e8 il fatto che <strong>nessuna comunicazione preventiva<\/strong> \u00e8 stata fornita ai cittadini sulla mancanza d\u2019acqua e, in particolar modo, agli stessi alcuna spiegazione \u00e8 pervenuta circa i motivi che hanno comportato questa interruzione. L\u2019ente comunale, mediante l\u2019ufficio competente, ossia quello che si occupa della manutenzione e gestione delle reti, unitamente alla Sorical, l\u2019azienda idrica calabrese, che attraverso l\u2019acquedotto Bufalo alimenta le aree residenziali che da giorni soffrono tale pesante carenza idrica, aveva il dovere di avvertire tempestivamente i cittadini relativamente a questa spiacevole problematica, la quale sta causando, specialmente con l\u2019attuale <strong>caldo afoso, gravissimi disagi soprattutto alle famiglie con disabili, bambini piccoli e anziani\u201d.<\/strong><\/p>\n<p><img loading=\"lazy\" decoding=\"async\" class=\"wp-image-237697  aligncenter\" src=\"https:\/\/quicosenza.it\/news\/wp-content\/uploads\/2024\/08\/Spadafora-consigliere-cosenza.jpg\" alt=\"\" width=\"459\" height=\"284\" title=\"\" srcset=\"https:\/\/quicosenza.it\/news\/wp-content\/uploads\/2024\/08\/Spadafora-consigliere-cosenza.jpg 970w, https:\/\/quicosenza.it\/news\/wp-content\/uploads\/2024\/08\/Spadafora-consigliere-cosenza-300x186.jpg 300w, https:\/\/quicosenza.it\/news\/wp-content\/uploads\/2024\/08\/Spadafora-consigliere-cosenza-768x475.jpg 768w, https:\/\/quicosenza.it\/news\/wp-content\/uploads\/2024\/08\/Spadafora-consigliere-cosenza-679x420.jpg 679w, https:\/\/quicosenza.it\/news\/wp-content\/uploads\/2024\/08\/Spadafora-consigliere-cosenza-150x93.jpg 150w, https:\/\/quicosenza.it\/news\/wp-content\/uploads\/2024\/08\/Spadafora-consigliere-cosenza-696x431.jpg 696w, https:\/\/quicosenza.it\/news\/wp-content\/uploads\/2024\/08\/Spadafora-consigliere-cosenza-356x220.jpg 356w\" sizes=\"auto, (max-width: 459px) 100vw, 459px\" \/><\/p>\n<p>\u201cPer questi motivi mi faccio <strong>portavoce dei malumori<\/strong> di coloro che &#8211; scrive Spadafora &#8211; sono in <strong>preda alla disperazione<\/strong> riguardo alla carenza idrica sin qui esposta, facendo rilevare pubblicamente agli organi preposti a risolvere la presente problematica, ovvero <strong>l\u2019amministrazione comunale di Cosenza e la societ\u00e0 Sorical<\/strong>, che qualsiasi cittadino, a prescindere in quale luogo risieda, non pu\u00f2 essere privato di un bene primario e pubblico come l\u2019acqua\u201d.<\/p>\n<p>\u201cMi appello quindi alla sensibilit\u00e0 del sindaco di Cosenza, Franz Caruso, <strong>affinch\u00e9 provveda celermente con l\u2019ufficio preposto comunale a risolvere la grave problematica descritta<\/strong>, che nel 2024 non dovrebbe proprio esistere, al fine di eliminare ogni disagio ai nostri concittadini, i quali sono costretti a subire l\u2019indifferenza di chi, probabilmente senza alcun merito, \u00e8 designato a gestire la cosa pubblica\u201d. \u201cCom\u2019\u00e8 mia abitudine, seguir\u00f2 la vicenda fino alla fine e qualora non dovesse esserci nessun riscontro positivo, continuer\u00f2 la battaglia investendo altri organi sovracomunali, con lo scopo esclusivo di tutelare i diritti dei cittadini\u201d.<\/p>\n","protected":false},"excerpt":{"rendered":"<p>COSENZA &#8211; Il consigliere di minoranza di Cosenza, Francesco Spadafora, Capogruppo di Fratelli d\u2019Italia nel consesso civico, interviene per denunciare i disagi che tanti cittadini stanno vivendo in questi giorni a causa della mancanza dell\u2019acqua nelle loro abitazioni. \u201cLa situazione particolarmente critica risulta essere quella che riguarda gli abitanti delle frazioni, maggiormente per coloro che [&hellip;]<\/p>\n","protected":false},"author":42,"featured_media":230112,"comment_status":"closed","ping_status":"closed","sticky":false,"template":"","format":"standard","meta":{"_acf_changed":false,"footnotes":"","jetpack_publicize_message":"","jetpack_publicize_feature_enabled":true,"jetpack_social_post_already_shared":false,"jetpack_social_options":{"image_generator_settings":{"template":"highway","default_image_id":0,"font":"","enabled":false},"version":2}},"categories":[563,42],"tags":[19],"class_list":["post-237696","post","type-post","status-publish","format-standard","has-post-thumbnail","hentry","category-area-urbana","category-cosenza","tag-copertina"],"acf":[],"jetpack_publicize_connections":[],"_links":{"self":[{"href":"https:\/\/quicosenza.it\/news\/wp-json\/wp\/v2\/posts\/237696","targetHints":{"allow":["GET"]}}],"collection":[{"href":"https:\/\/quicosenza.it\/news\/wp-json\/wp\/v2\/posts"}],"about":[{"href":"https:\/\/quicosenza.it\/news\/wp-json\/wp\/v2\/types\/post"}],"author":[{"embeddable":true,"href":"https:\/\/quicosenza.it\/news\/wp-json\/wp\/v2\/users\/42"}],"replies":[{"embeddable":true,"href":"https:\/\/quicosenza.it\/news\/wp-json\/wp\/v2\/comments?post=237696"}],"version-history":[{"count":0,"href":"https:\/\/quicosenza.it\/news\/wp-json\/wp\/v2\/posts\/237696\/revisions"}],"wp:featuredmedia":[{"embeddable":true,"href":"https:\/\/quicosenza.it\/news\/wp-json\/wp\/v2\/media\/230112"}],"wp:attachment":[{"href":"https:\/\/quicosenza.it\/news\/wp-json\/wp\/v2\/media?parent=237696"}],"wp:term":[{"taxonomy":"category","embeddable":true,"href":"https:\/\/quicosenza.it\/news\/wp-json\/wp\/v2\/categories?post=237696"},{"taxonomy":"post_tag","embeddable":true,"href":"https:\/\/quicosenza.it\/news\/wp-json\/wp\/v2\/tags?post=237696"}],"curies":[{"name":"wp","href":"https:\/\/api.w.org\/{rel}","templated":true}]}}