{"id":237806,"date":"2024-08-19T18:16:24","date_gmt":"2024-08-19T16:16:24","guid":{"rendered":"https:\/\/www.quicosenza.it\/news\/?p=237806"},"modified":"2024-08-19T18:19:58","modified_gmt":"2024-08-19T16:19:58","slug":"laino-borgo-il-patriarca-di-gerusalemme-in-visita-al-santuario-delle-cappelle","status":"publish","type":"post","link":"https:\/\/quicosenza.it\/news\/laino-borgo-il-patriarca-di-gerusalemme-in-visita-al-santuario-delle-cappelle\/","title":{"rendered":"Laino Borgo, il Patriarca di Gerusalemme in visita al Santuario delle Cappelle"},"content":{"rendered":"<p class=\"v1MsoNormal\">LAINO BORGO (CS) &#8211; La piccola Gerusalemme del Sud custodita nel <strong>santuario delle Cappelle di Laino Borgo<\/strong> sar\u00e0 tappa del viaggio nel Pollino del Cardinale Pierbattista Pizzaballa, Patriarca di Gerusalemme dei latini. Lo annuncia con grande orgoglio ed emozione il sindaco della comunit\u00e0 del Pollino, <strong>Mariangelina Russo,<\/strong> sottolineando che mercoled\u00ec 21 agosto alle ore 18:00 \u00e8 previsto l&#8217;arrivo del cardinale in compagnia di Monsignor Francesco Savino, vescovo di Cassano all&#8217;Jonio e vice presidente della C.E.I., e di monsignor Vincenzo Calvosa, vescovo di Vallo della Lucania e lainese doc.<\/p>\n<h3><strong>Il santuario delle Cappelle, nato dal devoto Domenico Longo<\/strong><\/h3>\n<p class=\"v1MsoNormal\">\u00abQuello che ci apprestiamo a vivere \u00e8 un grande evento per la nostra comunit\u00e0 &#8211; ha affermato il sindaco di Laino Borgo, Mariangelina Russo &#8211; perch\u00e8 forte \u00e8 il legame dei lainesi e di tutto il territorio per questa<strong> cellula di spiritualit\u00e0 nata nel 1557 dalle mani di Domenico Longo,<\/strong> <strong>che di ritorno da un viaggio in Terra Santa, su un terreno di sua propriet\u00e0, riprodusse i luoghi che aveva visitato<\/strong>. Un santuario riconosciuto da sempre come la Gerusalemme del Sud che ora diventa spazio di comunione e di preghiera per i luoghi della nostra fede e che oggi sono di nuovo territorio di lotta fratricida, rilanciando il bisogno di una pace autentica, vera, che riconcili gli uomini, i popoli e la storia\u00bb.<\/p>\n<p class=\"v1MsoNormal\"><strong>Mercoled\u00ec 21 agosto il Cardinale Pizzaballa far\u00e0 visita al santuario delle Cappelle<\/strong> e offrir\u00e0 un incontro testimonianza a tutti i presenti.<\/p>\n<p class=\"v1MsoNormal\">\u00abLe cappelle rappresentano per noi un patrimonio religioso, culturale e artistico da custodire e tutelare &#8211; ha aggiunto il sindaco Russo &#8211; da mettere al centro dell&#8217;offerta turistica legata alla spiritualit\u00e0 del territorio e la devozione alla Madonna Addolorata. Per questo chiederemo al Cardinale Pizzaballa, attraverso la sua persona, u<strong>na interlocuzione religiosa con la Terra Santa<\/strong> ma anche speriamo che di concordo con il nostro vescovo, Monsignor Savino, si possa presto ospitare a Laino la presenza di un ordine religioso che supporti il bisogno spirituale dei pellegrini che sempre in pi\u00f9 gran numero scelgono il santuario delle Cappelle come luogo di preghiera e meditazione\u00bb.<\/p>\n<p class=\"v1MsoNormal\">La visita nel Pollino del Patriarca di Gerusalemme si \u00e8 resa possibile grazie all&#8217;invito del vescovo Savino, della diocesi di Cassano, e di monsignor Vincenzo Calvosa, oggi pastore della Chiesa di Vallo della Lucania, ai quali va il \u00abnostro grazie pi\u00f9 grande &#8211; ha concluso il sindaco Mariangelina Russo &#8211; per aver messo il nostro santuario al centro della missione pastorale che ci unisce in maniera particolare con i luoghi della Terra Santa dove si contempla il mistero della vita di Cristo\u00bb.<\/p>\n<div>\n<div><\/div>\n<\/div>\n","protected":false},"excerpt":{"rendered":"<p>LAINO BORGO (CS) &#8211; La piccola Gerusalemme del Sud custodita nel santuario delle Cappelle di Laino Borgo sar\u00e0 tappa del viaggio nel Pollino del Cardinale Pierbattista Pizzaballa, Patriarca di Gerusalemme dei latini. Lo annuncia con grande orgoglio ed emozione il sindaco della comunit\u00e0 del Pollino, Mariangelina Russo, sottolineando che mercoled\u00ec 21 agosto alle ore 18:00 [&hellip;]<\/p>\n","protected":false},"author":58,"featured_media":237807,"comment_status":"closed","ping_status":"closed","sticky":false,"template":"","format":"standard","meta":{"_acf_changed":false,"footnotes":"","jetpack_publicize_message":"","jetpack_publicize_feature_enabled":true,"jetpack_social_post_already_shared":false,"jetpack_social_options":{"image_generator_settings":{"template":"highway","default_image_id":0,"font":"","enabled":false},"version":2}},"categories":[28],"tags":[19],"class_list":["post-237806","post","type-post","status-publish","format-standard","has-post-thumbnail","hentry","category-provincia","tag-copertina"],"acf":[],"jetpack_publicize_connections":[],"_links":{"self":[{"href":"https:\/\/quicosenza.it\/news\/wp-json\/wp\/v2\/posts\/237806","targetHints":{"allow":["GET"]}}],"collection":[{"href":"https:\/\/quicosenza.it\/news\/wp-json\/wp\/v2\/posts"}],"about":[{"href":"https:\/\/quicosenza.it\/news\/wp-json\/wp\/v2\/types\/post"}],"author":[{"embeddable":true,"href":"https:\/\/quicosenza.it\/news\/wp-json\/wp\/v2\/users\/58"}],"replies":[{"embeddable":true,"href":"https:\/\/quicosenza.it\/news\/wp-json\/wp\/v2\/comments?post=237806"}],"version-history":[{"count":0,"href":"https:\/\/quicosenza.it\/news\/wp-json\/wp\/v2\/posts\/237806\/revisions"}],"wp:featuredmedia":[{"embeddable":true,"href":"https:\/\/quicosenza.it\/news\/wp-json\/wp\/v2\/media\/237807"}],"wp:attachment":[{"href":"https:\/\/quicosenza.it\/news\/wp-json\/wp\/v2\/media?parent=237806"}],"wp:term":[{"taxonomy":"category","embeddable":true,"href":"https:\/\/quicosenza.it\/news\/wp-json\/wp\/v2\/categories?post=237806"},{"taxonomy":"post_tag","embeddable":true,"href":"https:\/\/quicosenza.it\/news\/wp-json\/wp\/v2\/tags?post=237806"}],"curies":[{"name":"wp","href":"https:\/\/api.w.org\/{rel}","templated":true}]}}