{"id":237868,"date":"2024-08-20T17:00:39","date_gmt":"2024-08-20T15:00:39","guid":{"rendered":"https:\/\/www.quicosenza.it\/news\/?p=237868"},"modified":"2024-08-20T17:05:42","modified_gmt":"2024-08-20T15:05:42","slug":"arcidiocesi-cosenza-protesta-per-le-nuove-nomine-anche-da-campora-non-trasferite-don-andrea","status":"publish","type":"post","link":"https:\/\/quicosenza.it\/news\/arcidiocesi-cosenza-protesta-per-le-nuove-nomine-anche-da-campora-non-trasferite-don-andrea\/","title":{"rendered":"Arcidiocesi Cosenza, protesta per le nuove nomine anche da Campora: &#8220;Non trasferite Don Andrea&#8221;"},"content":{"rendered":"<p>AMANTEA (CS) &#8211; In questi giorni le <strong><a href=\"https:\/\/quicosenza.it\/news\/area-urbana\/cosenza\/arcidiocesi-di-cosenza-i-nuovi-parroci-nominati-dal-vescovo-checchinato\" target=\"_blank\" rel=\"noopener\">nomine dei nuovi parroci <\/a><\/strong>per ordine del Vescovo di dell&#8217;<strong>Arcidiocesi Cosenza-Bisignano,<\/strong> Monsignor Checchinato, sta suscitando diverse polemiche tra i parrocchiani del comprensorio. Dopo<strong><a href=\"https:\/\/quicosenza.it\/news\/provincia\/rose-lappello-dei-giovani-fedeli-al-vescovo-di-cosenza-non-trasferisca-il-nostro-don-claudio\" target=\"_blank\" rel=\"noopener\"> l&#8217;appello dei giovani fedeli di Rose<\/a><\/strong> per Don Claudio Albanito, anche i <strong>parrocchiani della parrocchia di S. Pietro in Campora S. Giovanni<\/strong> si rivolgono alla nostra redazione per esprimere tutta la &#8220;preoccupazione&#8221; e il &#8220;disorientamento&#8221; per il <strong>trasferimento del loro Don Andrea<\/strong>.<\/p>\n<p>&#8220;Siamo famiglie e parrocchiani della parrocchia S. Pietro in Campora S. Giovanni. Ci rivolgiamo a voi con grande preoccupazione e disorientamento riguardo alla <strong>decisione del vescovo Mons. Checchinato di trasferire Don Andrea dalla nostra parrocchia a quella di S. Giuseppe a Cosenza<\/strong>. Dopo solo tre anni di servizio instancabile e profondamente significativo, la notizia del suo trasferimento ci ha colpiti come un fulmine a ciel sereno.<\/p>\n<p>Don Andrea non \u00e8 stato solo un parroco per noi. E&#8217; stato una presenza costante e rassicurante in ogni aspetto della nostra vita comunitaria. Con lui siamo ripartiti dopo il Covid. Immediatamente lo abbiamo visto ogni giorno all&#8217;ingresso delle scuole a salutare e conoscere le famiglie, i nostri bambini e ragazzi. Ogni giorno per 1 anno intero, e a chi chiedeva il perch\u00e8 la risposta era chiara: &#8220;se per paura del Covid non entrano in chiesa vado io incontro a loro&#8221;. <strong>La sua dedizione si \u00e8 manifestata in innumerevoli modi, dimostrando un impegno che va ben oltre le aspettative di un sacerdote<\/strong>. La sua visita nelle scuole, anche l&#8217;anno scorso e quest&#8217;anno, \u00e8 stato continuo. Il rapporto di fiducia con studenti, professori e preside, ha fatto una differenza reale per molti ragazzi che lottavano con varie difficolt\u00e0, come ad es. bullismo e isolamento.<\/p>\n<p>Se ci\u00f2 non bastasse ogni domenica, li invitava alla colazione al bar vicino la chiesa prima della messa delle 11.00. Quel momento non era solo un pasto, ma un&#8217;opportunit\u00e0 per costruire legami e ascoltare le necessit\u00e0 di chiunque volesse partecipare. <strong>Sempre presente per le strade e in piazza, pronto a rispondere ai bisogni non solo dei fedeli, ma anche dei cittadini.<\/strong> Si, diciamo cittadini, perch\u00e8 durante il periodo dell&#8217;ipotesi scissione con il comune di Amantea lui, vedendo come all&#8217;interno di Campora intere famiglie si mettevano l&#8217;una contro l&#8217;altra, ha ribadito il concetto che deve stare al centro di una comunit\u00e0 e che \u00e8 la comunione, l&#8217;unione, lo stare l&#8217;uno al fianco dell&#8217;altro anche se con idee diverse.<\/p>\n<p>Anche le associazioni locali in lui hanno trovato dialogo, riferimento e coinvolgimento. Non \u00e8 mai mancato alle iniziative del paese dimostrando un impegno autentico verso ogni angolo della nostra comunit\u00e0. Sembrerebbe scontato scrivere che in parrocchia la sua presenza all&#8217;Azione Cattolica e all&#8217;Oratorio era continua, ma poco scontato esserci dopo le liturgie, nei momenti di svago, per questo<strong> ha creato spazi vitali per i giovani<\/strong> come l&#8217;oratorio, offrendo loro un ambiente sicuro e accogliente. Come dimenticare il rilancio della festa patronale, arricchendola di eventi quotidiani, rispetto ai soli 3 giorni fatti da sempre (1-2-3 settembre), e riprendendo la processione a mare di San Francesco del 25 agosto da S. Lucido al nostro porto, un evento che rischiava di cadere nel dimenticatoio.<\/p>\n<p>Forse in Curia non lo sanno, e noi vogliamo rendere noto questo con una menzione speciale. <strong>Il suo coraggio nel combattere contro spacciatori e mala vita,<\/strong> <strong>proteggendo i nostri figli, affrontando rischi personali e minacce.<\/strong> Come dimenticare quella testa di Ges\u00f9 bambino staccata e messa davanti la porta di casa sua, e altre tristi vicende. Bisogna dirla tutta, don Andrea ha saputo costruire ponti e aprire dialoghi anche nei momenti pi\u00f9 difficili, diventando un punto di riferimento imprescindibile per molti. Il suo lavoro ha reso la nostra parrocchia un rifugio sicuro e una guida costante, specialmente per i pi\u00f9 deboli e i giovani. Questa sua missione molto franca, caritatevole e rivoluzionaria, non \u00e8 stata compresa da tutti creando in alcuni del malcontento. Ma il detto dice &#8220;sbaglia chi non fa nulla, chi fa pu\u00f2 sbagliare&#8221;. Ci sarebbe tanto da dire sull&#8217;operato di questo sacerdote che in quasi 3 anni ha fatto tanto per noi e per i nostri giovani.<\/p>\n<p>Questa lettera non \u00e8 per intimorire Don Francesco che con rispetto accoglieremo a braccia aperte, ma dopo tutte le lettere che leggiamo sui social da parte di tante comunit\u00e0 di questa nostra diocesi, ci chiediamo se nelle stanze che contano le scelte siano state fatte con criterio e per bene, chiedendo di riflettere su quanto sia stato fondamentale Don Andrea per noi. <strong>La sua partenza rappresenta una perdita al momento incolmabile<\/strong> e speriamo sinceramente che il vescovo possa rivedere questa decisione, mantenendo il nostro PICCOLODON (cos\u00ec come si fa chiamare sui social) con noi per un po&#8217; pi\u00f9 di tempo&#8221;.<\/p>\n","protected":false},"excerpt":{"rendered":"<p>AMANTEA (CS) &#8211; In questi giorni le nomine dei nuovi parroci per ordine del Vescovo di dell&#8217;Arcidiocesi Cosenza-Bisignano, Monsignor Checchinato, sta suscitando diverse polemiche tra i parrocchiani del comprensorio. Dopo l&#8217;appello dei giovani fedeli di Rose per Don Claudio Albanito, anche i parrocchiani della parrocchia di S. Pietro in Campora S. Giovanni si rivolgono alla [&hellip;]<\/p>\n","protected":false},"author":58,"featured_media":237870,"comment_status":"closed","ping_status":"closed","sticky":false,"template":"","format":"standard","meta":{"_acf_changed":false,"footnotes":"","jetpack_publicize_message":"","jetpack_publicize_feature_enabled":true,"jetpack_social_post_already_shared":false,"jetpack_social_options":{"image_generator_settings":{"template":"highway","default_image_id":0,"font":"","enabled":false},"version":2}},"categories":[576],"tags":[19],"class_list":["post-237868","post","type-post","status-publish","format-standard","has-post-thumbnail","hentry","category-tirreno","tag-copertina"],"acf":[],"jetpack_publicize_connections":[],"_links":{"self":[{"href":"https:\/\/quicosenza.it\/news\/wp-json\/wp\/v2\/posts\/237868","targetHints":{"allow":["GET"]}}],"collection":[{"href":"https:\/\/quicosenza.it\/news\/wp-json\/wp\/v2\/posts"}],"about":[{"href":"https:\/\/quicosenza.it\/news\/wp-json\/wp\/v2\/types\/post"}],"author":[{"embeddable":true,"href":"https:\/\/quicosenza.it\/news\/wp-json\/wp\/v2\/users\/58"}],"replies":[{"embeddable":true,"href":"https:\/\/quicosenza.it\/news\/wp-json\/wp\/v2\/comments?post=237868"}],"version-history":[{"count":0,"href":"https:\/\/quicosenza.it\/news\/wp-json\/wp\/v2\/posts\/237868\/revisions"}],"wp:featuredmedia":[{"embeddable":true,"href":"https:\/\/quicosenza.it\/news\/wp-json\/wp\/v2\/media\/237870"}],"wp:attachment":[{"href":"https:\/\/quicosenza.it\/news\/wp-json\/wp\/v2\/media?parent=237868"}],"wp:term":[{"taxonomy":"category","embeddable":true,"href":"https:\/\/quicosenza.it\/news\/wp-json\/wp\/v2\/categories?post=237868"},{"taxonomy":"post_tag","embeddable":true,"href":"https:\/\/quicosenza.it\/news\/wp-json\/wp\/v2\/tags?post=237868"}],"curies":[{"name":"wp","href":"https:\/\/api.w.org\/{rel}","templated":true}]}}