{"id":237913,"date":"2024-08-21T16:00:38","date_gmt":"2024-08-21T14:00:38","guid":{"rendered":"https:\/\/www.quicosenza.it\/news\/?p=237913"},"modified":"2024-08-21T13:57:14","modified_gmt":"2024-08-21T11:57:14","slug":"sp-180-a-vaccarizzo-strada-chiusa-fino-al-6-dicembre-per-lavori-di-ammodernamento","status":"publish","type":"post","link":"https:\/\/quicosenza.it\/news\/sp-180-a-vaccarizzo-strada-chiusa-fino-al-6-dicembre-per-lavori-di-ammodernamento\/","title":{"rendered":"SP 180 a Vaccarizzo: strada chiusa fino al 6 dicembre per lavori di ammodernamento"},"content":{"rendered":"<p>VACCARIZZO ALBANESE (CS) \u2013 La <strong>SP 180 sar\u00e0 nuovamente chiusa al traffico veicolare a partire dal prossimo luned\u00ec 26 agosto e fino al prossimo venerd\u00ec 6 dicembre<\/strong> per consentire l\u2019ultimazione degli interventi di realizzazione del nuovo collegamento viario e<strong> l\u2019ammodernamento<\/strong> del tratto esistente che <strong>garantir\u00e0 un collegamento veloce, sicuro e moderno tra il Salotto Diffuso di Vakarici, Corigliano-Rossano ed il resto della Sibaritide.<\/strong><\/p>\n<p>\u00c8 quanto contenuto, in sintesi, nell\u2019ordinanza firmata dal Sindaco Antonio Pomillo che impone la chiusura al transito per tutti gli utenti, fatta eccezione per i proprietari dei terreni agricoli (e loro cooperatori), le maestranze e gli addetti ai lavori, nel tratto interessato dai lavori tra il km 13+500 al km 19+100, quindi dal borgo e fino a localit\u00e0 Laquani.<\/p>\n<p>Le <strong>visite al Cimitero Comunale<\/strong>, con accesso dal solo borgo, <strong>saranno consentite il sabato e la domenica,<\/strong> salvo urgenze degli addetti ai lavori ed alla manutenzione dello stesso. Nel tratto interessato dall\u2019ordinanza sar\u00e0 installata l\u2019apposita segnaletica. Nel periodo di chiusura della strada, il<strong> borgo di Vaccarizzo sar\u00e0 raggiungibile <\/strong>imboccando la SP 177, dall\u2019intersezione di Casachelle (SS106), successivamente la SP 183 dalla biforcazione in contrada Mezzofato e, quindi, la SP 180 da San Cosmo Albanese.<\/p>\n","protected":false},"excerpt":{"rendered":"<p>VACCARIZZO ALBANESE (CS) \u2013 La SP 180 sar\u00e0 nuovamente chiusa al traffico veicolare a partire dal prossimo luned\u00ec 26 agosto e fino al prossimo venerd\u00ec 6 dicembre per consentire l\u2019ultimazione degli interventi di realizzazione del nuovo collegamento viario e l\u2019ammodernamento del tratto esistente che garantir\u00e0 un collegamento veloce, sicuro e moderno tra il Salotto Diffuso [&hellip;]<\/p>\n","protected":false},"author":58,"featured_media":189018,"comment_status":"closed","ping_status":"closed","sticky":false,"template":"","format":"standard","meta":{"_acf_changed":false,"footnotes":"","jetpack_publicize_message":"","jetpack_publicize_feature_enabled":true,"jetpack_social_post_already_shared":false,"jetpack_social_options":{"image_generator_settings":{"template":"highway","default_image_id":0,"font":"","enabled":false},"version":2}},"categories":[28],"tags":[19],"class_list":["post-237913","post","type-post","status-publish","format-standard","has-post-thumbnail","hentry","category-provincia","tag-copertina"],"acf":[],"jetpack_publicize_connections":[],"_links":{"self":[{"href":"https:\/\/quicosenza.it\/news\/wp-json\/wp\/v2\/posts\/237913","targetHints":{"allow":["GET"]}}],"collection":[{"href":"https:\/\/quicosenza.it\/news\/wp-json\/wp\/v2\/posts"}],"about":[{"href":"https:\/\/quicosenza.it\/news\/wp-json\/wp\/v2\/types\/post"}],"author":[{"embeddable":true,"href":"https:\/\/quicosenza.it\/news\/wp-json\/wp\/v2\/users\/58"}],"replies":[{"embeddable":true,"href":"https:\/\/quicosenza.it\/news\/wp-json\/wp\/v2\/comments?post=237913"}],"version-history":[{"count":0,"href":"https:\/\/quicosenza.it\/news\/wp-json\/wp\/v2\/posts\/237913\/revisions"}],"wp:featuredmedia":[{"embeddable":true,"href":"https:\/\/quicosenza.it\/news\/wp-json\/wp\/v2\/media\/189018"}],"wp:attachment":[{"href":"https:\/\/quicosenza.it\/news\/wp-json\/wp\/v2\/media?parent=237913"}],"wp:term":[{"taxonomy":"category","embeddable":true,"href":"https:\/\/quicosenza.it\/news\/wp-json\/wp\/v2\/categories?post=237913"},{"taxonomy":"post_tag","embeddable":true,"href":"https:\/\/quicosenza.it\/news\/wp-json\/wp\/v2\/tags?post=237913"}],"curies":[{"name":"wp","href":"https:\/\/api.w.org\/{rel}","templated":true}]}}