{"id":237925,"date":"2024-08-21T14:55:00","date_gmt":"2024-08-21T12:55:00","guid":{"rendered":"https:\/\/www.quicosenza.it\/news\/?p=237925"},"modified":"2024-08-21T15:01:30","modified_gmt":"2024-08-21T13:01:30","slug":"cetraro-in-tanti-al-concerto-di-salvatore-benincasa-polemica-archiviata","status":"publish","type":"post","link":"https:\/\/quicosenza.it\/news\/cetraro-in-tanti-al-concerto-di-salvatore-benincasa-polemica-archiviata\/","title":{"rendered":"Cetraro: in tanti al concerto di Salvatore Benincasa, polemica archiviata"},"content":{"rendered":"<p>CETRARO (CS) &#8211; A dispetto delle tante critiche e polemiche sollevate rispetto alla sua esibizione e soprattutto a quelli che sarebbero i &#8220;contenuti&#8221; delle sue canzoni, ieri sera il concerto di Salvatore Benincasa a Cetraro \u00e8 andato in scena, ed ha registrato anche una notevole partecipazione di pubblico. In tanti hanno partecipato, ballato e cantato le sue canzoni nel corso del live. Contro la sua esibizione era scesa in campo l&#8217;amministrazione comunale, la<a href=\"https:\/\/quicosenza.it\/news\/tirreno\/cetraro-parrocchia-prende-le-distanze-dal-concerto-del-cantante-neomelodico\"> parrocchia <\/a>San Benedetto Abate di Cetraro, alcuni esponenti politici e persino la <a href=\"https:\/\/quicosenza.it\/news\/tirreno\/cetraro-commissione-consiliare-anti-ndrangheta-prevalga-la-proiezione-del-docufilm-su-losardo\">Commissione<\/a> consiliare contro la &#8216;ndrangheta, la corruzione e l&#8217;illegalit\u00e0 diffusa. Questo in concomitanza anche della proiezione del docufilm \u201cChi ha ucciso <strong>Giovanni Losardo<\/strong>\u201d in programma al porto turistico di Cetraro nello stesso giorno.<\/p>\n<p>Il presidente dell\u2019associazione Santa Lucia di Cetraro, <strong>Flaminio Vattimo<\/strong>, nelle scorse ore aveva dichiarato la propria amarezza rispetto all&#8217;organizzazione del concerto del cantante neomelodico per la terza edizione di \u201cDelizie sotto le stelle\u201d al parco Natura, autorizzata tra l&#8217;altro, come da lui stesso dichiarato sui social, dal comandante dei carabinieri della stazione di Cetraro.<\/p>\n<p>&#8220;Mai immaginavamo di trovarci in questa situazione &#8211; aveva scritto ieri in un post su Facebook Vattimo &#8211; siamo molto amareggiati perch\u00e9 ci stanno buttando fango e pietre addosso. La nostra data \u00e8 stata decisa di comune accordo con la proloco perch\u00e9 non c&#8217;era nessun&#8217;altro evento nella stessa serata, e l&#8217;abbiamo comunicata anche a chi di competenza altrimenti mai ci saremmo permessi di accavallare la data, a maggior ragione su una serata di elevatissima importanza, come quella che \u00e8 il docufilm alla memoria di Giannino Losardo. Anzi avremmo partecipato come abbiamo sempre fatto a qualsiasi iniziativa per la legalit\u00e0, beneficenza e di ogni genere per il bene comune come tutti o quasi avete visto&#8221;.<\/p>\n<p>Secondo Vattimo la situazione \u00e8 stata strumentalizzata, e dopo aver mandato addirittura la scaletta del cantante con tutti i testi all&#8217;attenzione dei carabinieri, Salvatore Benincasa \u00e8 salito sul palco, acclamato da decine di fan e ha tenuto il suo concerto cos\u00ec come previsto.<\/p>\n","protected":false},"excerpt":{"rendered":"<p>CETRARO (CS) &#8211; A dispetto delle tante critiche e polemiche sollevate rispetto alla sua esibizione e soprattutto a quelli che sarebbero i &#8220;contenuti&#8221; delle sue canzoni, ieri sera il concerto di Salvatore Benincasa a Cetraro \u00e8 andato in scena, ed ha registrato anche una notevole partecipazione di pubblico. In tanti hanno partecipato, ballato e cantato [&hellip;]<\/p>\n","protected":false},"author":42,"featured_media":237926,"comment_status":"closed","ping_status":"closed","sticky":false,"template":"","format":"standard","meta":{"_acf_changed":false,"footnotes":"","jetpack_publicize_message":"","jetpack_publicize_feature_enabled":true,"jetpack_social_post_already_shared":false,"jetpack_social_options":{"image_generator_settings":{"template":"highway","default_image_id":0,"font":"","enabled":false},"version":2}},"categories":[576],"tags":[19],"class_list":["post-237925","post","type-post","status-publish","format-standard","has-post-thumbnail","hentry","category-tirreno","tag-copertina"],"acf":[],"jetpack_publicize_connections":[],"_links":{"self":[{"href":"https:\/\/quicosenza.it\/news\/wp-json\/wp\/v2\/posts\/237925","targetHints":{"allow":["GET"]}}],"collection":[{"href":"https:\/\/quicosenza.it\/news\/wp-json\/wp\/v2\/posts"}],"about":[{"href":"https:\/\/quicosenza.it\/news\/wp-json\/wp\/v2\/types\/post"}],"author":[{"embeddable":true,"href":"https:\/\/quicosenza.it\/news\/wp-json\/wp\/v2\/users\/42"}],"replies":[{"embeddable":true,"href":"https:\/\/quicosenza.it\/news\/wp-json\/wp\/v2\/comments?post=237925"}],"version-history":[{"count":0,"href":"https:\/\/quicosenza.it\/news\/wp-json\/wp\/v2\/posts\/237925\/revisions"}],"wp:featuredmedia":[{"embeddable":true,"href":"https:\/\/quicosenza.it\/news\/wp-json\/wp\/v2\/media\/237926"}],"wp:attachment":[{"href":"https:\/\/quicosenza.it\/news\/wp-json\/wp\/v2\/media?parent=237925"}],"wp:term":[{"taxonomy":"category","embeddable":true,"href":"https:\/\/quicosenza.it\/news\/wp-json\/wp\/v2\/categories?post=237925"},{"taxonomy":"post_tag","embeddable":true,"href":"https:\/\/quicosenza.it\/news\/wp-json\/wp\/v2\/tags?post=237925"}],"curies":[{"name":"wp","href":"https:\/\/api.w.org\/{rel}","templated":true}]}}