{"id":238052,"date":"2024-08-23T11:15:13","date_gmt":"2024-08-23T09:15:13","guid":{"rendered":"https:\/\/www.quicosenza.it\/news\/?p=238052"},"modified":"2024-08-23T11:15:13","modified_gmt":"2024-08-23T09:15:13","slug":"da-oggi-tre-giorni-di-bollino-rosso-per-rientri-dalle-vacanze-su-a2-statale-18-e-statale-106","status":"publish","type":"post","link":"https:\/\/quicosenza.it\/news\/da-oggi-tre-giorni-di-bollino-rosso-per-rientri-dalle-vacanze-su-a2-statale-18-e-statale-106\/","title":{"rendered":"Da oggi tre giorni di &#8216;bollino rosso&#8217; per rientri dalle vacanze su A2, statale 18 e statale 106"},"content":{"rendered":"<p>ROMA &#8211; Viabilit\u00e0 Italia segnala la<strong> previsione di &#8216;bollino rosso&#8217;, per il traffico del primo week end di rientro dalle vacanze, a partire dal pomeriggio di oggi, venerd\u00ec 23 agosto<\/strong>,<strong> di domani, sabato 24 agosto, e per l&#8217;intera giornata di domenica 25.<\/strong> Il divieto di transito dei veicoli pesanti \u00e8 in vigore domani, sabato 24 agosto, dalle ore 8 alle 16 e domenica 25 agosto dalle 7 alle 22. Il fine settimana \u00e8 dunque segnato dalla fine delle vacanze e dai rientri a casa per la riapertura della gran parte delle attivit\u00e0 lavorative.<\/p>\n<p>Sulla rete Anas &#8211; informa una nota &#8211; \u00e8 atteso <strong>traffico in costante aumento<\/strong> per gli spostamenti dei viaggiatori che tornano verso le grandi citt\u00e0 del Centro-Nord. Spostamenti in netta crescita verso i grandi centri urbani in tutta Italia dalle localit\u00e0 di villeggiatura, di mare al sud e di montagna a nord e dai confini di Stato. Si prevede, inoltre, un consistente flusso di traffico in prossimit\u00e0 dei centri urbani, in direzione nord, soprattutto a partire dal tardo pomeriggio di domenica, in concomitanza con i rientri del fine settimana.<\/p>\n<h3><strong>Quali sono i tratti interessati dal &#8216;bollino rosso&#8217;<\/strong><\/h3>\n<p>Per consentire la fluidit\u00e0 del traffico &#8211; si ricorda &#8211; Anas (Gruppo FS Italiane) ha potenziato l&#8217;impegno del personale su tutto il territorio nazionale e ha limitato la presenza dei cantieri fino al 3 settembre:<strong> sospesi 906 cantieri,<\/strong> il 70% di quelli attivi (1278).<\/p>\n<p>L&#8217;intensificazione della circolazione potr\u00e0 riguardare i principali itinerari stradali:<strong> la A2 &#8220;Autostrada del Mediterraneo&#8221; che attraversa Campania, Basilicata e Calabria<\/strong>; <strong>le statali 106 &#8220;Jonica&#8221; e 18 &#8220;Tirrena Inferiore&#8221; in Calabria<\/strong>; le <strong>autostrade A19<\/strong> Palermo-Catania e<strong> A29<\/strong> Palermo-Mazara del Vallo in Sicilia; la strada statale 131 &#8220;Carlo Felice&#8221; in Sardegna; il Grande Raccordo Anulare di Roma, la A91 &#8220;Roma Fiumicino&#8221;, la strada statale 148 Pontina nel Lazio, arteria trafficata che insieme alla SS7 &#8220;Appia&#8221; assicura i collegamenti tra Roma e le localit\u00e0 turistiche del basso Lazio; l&#8217;Itinerario E45 (SS675 e SS3 bis) che interessa Umbria, Toscana, Emilia Romagna e collega il nord est con il centro Italia; le direttrici SS1 Aurelia (Lazio, Toscana e Liguria), SS16 &#8220;Adriatica&#8221; (Puglia, Molise, Abruzzo, Emilia-Romagna e Veneto).<\/p>\n<p><strong>Al nord i Raccordi Autostradali<\/strong> RA10 &#8220;Torino Caselle&#8221; in Piemonte, RA13 e RA14 in Friuli-Venezia Giulia, la SS36 &#8220;del Lago di Como e dello Spluga&#8221; in Lombardia, la SS45 &#8220;di Val Trebbia&#8221; in Liguria, la SS26 &#8220;della Valle D&#8217;Aosta&#8221; e la SS309 &#8220;Romea&#8221; tra Emilia-Romagna e Veneto e la SS 51 &#8220;di Alemagna&#8221; in Veneto. Si prevede, inoltre, un consistente flusso di traffico in prossimit\u00e0 dei centri urbani, in direzione nord, soprattutto a partire dal tardo pomeriggio di domenica, in concomitanza con i rientri del fine settimana.<br \/>\nPer la<strong> situazione<\/strong> dei cantieri inamovibili Anas invita i viaggiatori a consultare prima di partire la pagina Esodo estivo del sito stradeanas.it (link <strong>https:\/\/www.stradeanas.it\/it\/esodoestivo<\/strong>).<\/p>\n","protected":false},"excerpt":{"rendered":"<p>ROMA &#8211; Viabilit\u00e0 Italia segnala la previsione di &#8216;bollino rosso&#8217;, per il traffico del primo week end di rientro dalle vacanze, a partire dal pomeriggio di oggi, venerd\u00ec 23 agosto, di domani, sabato 24 agosto, e per l&#8217;intera giornata di domenica 25. Il divieto di transito dei veicoli pesanti \u00e8 in vigore domani, sabato 24 [&hellip;]<\/p>\n","protected":false},"author":58,"featured_media":173139,"comment_status":"closed","ping_status":"closed","sticky":false,"template":"","format":"standard","meta":{"_acf_changed":false,"footnotes":"","jetpack_publicize_message":"","jetpack_publicize_feature_enabled":true,"jetpack_social_post_already_shared":false,"jetpack_social_options":{"image_generator_settings":{"template":"highway","default_image_id":0,"font":"","enabled":false},"version":2}},"categories":[17],"tags":[19],"class_list":["post-238052","post","type-post","status-publish","format-standard","has-post-thumbnail","hentry","category-calabria","tag-copertina"],"acf":[],"jetpack_publicize_connections":[],"_links":{"self":[{"href":"https:\/\/quicosenza.it\/news\/wp-json\/wp\/v2\/posts\/238052","targetHints":{"allow":["GET"]}}],"collection":[{"href":"https:\/\/quicosenza.it\/news\/wp-json\/wp\/v2\/posts"}],"about":[{"href":"https:\/\/quicosenza.it\/news\/wp-json\/wp\/v2\/types\/post"}],"author":[{"embeddable":true,"href":"https:\/\/quicosenza.it\/news\/wp-json\/wp\/v2\/users\/58"}],"replies":[{"embeddable":true,"href":"https:\/\/quicosenza.it\/news\/wp-json\/wp\/v2\/comments?post=238052"}],"version-history":[{"count":0,"href":"https:\/\/quicosenza.it\/news\/wp-json\/wp\/v2\/posts\/238052\/revisions"}],"wp:featuredmedia":[{"embeddable":true,"href":"https:\/\/quicosenza.it\/news\/wp-json\/wp\/v2\/media\/173139"}],"wp:attachment":[{"href":"https:\/\/quicosenza.it\/news\/wp-json\/wp\/v2\/media?parent=238052"}],"wp:term":[{"taxonomy":"category","embeddable":true,"href":"https:\/\/quicosenza.it\/news\/wp-json\/wp\/v2\/categories?post=238052"},{"taxonomy":"post_tag","embeddable":true,"href":"https:\/\/quicosenza.it\/news\/wp-json\/wp\/v2\/tags?post=238052"}],"curies":[{"name":"wp","href":"https:\/\/api.w.org\/{rel}","templated":true}]}}