{"id":238129,"date":"2024-08-25T08:00:22","date_gmt":"2024-08-25T06:00:22","guid":{"rendered":"https:\/\/www.quicosenza.it\/news\/?p=238129"},"modified":"2024-08-24T19:37:32","modified_gmt":"2024-08-24T17:37:32","slug":"ospedale-di-cosenza-basta-disservizi-il-sit-in-contro-governo-e-giunta-regionale","status":"publish","type":"post","link":"https:\/\/quicosenza.it\/news\/ospedale-di-cosenza-basta-disservizi-il-sit-in-contro-governo-e-giunta-regionale\/","title":{"rendered":"Ospedale di Cosenza, &#8216;basta disservizi&#8217;: il sit-in &#8220;contro Governo e Giunta Regionale&#8221;"},"content":{"rendered":"<p>COSENZA &#8211; &#8220;Basta. La misura \u00e8 colma. <strong>L&#8217;Ospedale civile di Cosenza<\/strong>, costellata, quotidianamente, da indecenti sprechi, da inquietanti disservizi e da gravissimi episodi di malasanit\u00e0, continua a essere, impietosamente, il fanalino di coda nella classifica nazionale, occupando l&#8217;ultimo posto. \u00c8 una situazione ormai non pi\u00f9 tollerabile. Tanto \u00e8 vero che gli eventi degli ultimi giorni sono solo l&#8217;eclatante punta di un micidiale iceberg&#8221;. Lo scrive in una nota la <strong>segretaria del circolo Pd di Cosenza,<\/strong> <strong>Rosi Caligiuri. <\/strong>E allora, non \u00e8 pi\u00f9 possibile rimanere a guardare. \u00c8 giusto favorire, incoraggiare e sostenere una straordinaria ed energica mobilitazione popolare per restituire efficienza, dignit\u00e0 e decoro a un presidio ospedaliero, quello dell&#8217;Annunziata,\u00a0 ridotto oggi a\u00a0 un cumulo di macerie, nonostante l&#8217;esemplare spirito di abnegazione che, ogni giorno, declina la stragrande maggioranza del personale medico, infermieristico e ausiliare.<\/p>\n<p>Ed \u00e8 proprio in questa prospettiva che il circolo del PD della citt\u00e0 di Cosenza<b>\u00a0Luned\u00ec 2 settembre 2024, a partire dalle ore 10.00, terr\u00e0 un sit-in davanti all&#8217;ingresso dell&#8217;ospedale civile dell&#8217;Annunziata di Cosenza.<\/b>\u00a0Sar\u00e0 l&#8217;occasione propizia per assumere una collettiva presa di posizione, capace di intercettare e interpretare il comune sentire dell&#8217;opinione pubblica, seriamente preoccupata e indignata, ma, altrettanto,\u00a0 seriamente protesa a pretendere una tempestiva e radicale inversione di tendenza, <strong>partendo dall&#8217;immediata attivazione dei 300 posti<\/strong> letto rimasti ancora disattivati. Sapendo, tra l&#8217;altro, che la vicenda dell&#8217;ospedale di Cosenza si colloca dentro un contesto regionale che ha condotto la sanit\u00e0 calabrese alla bancarotta.<\/p>\n<p>I circa <strong>15 anni di commissariamento<\/strong> hanno prodotto\u00a0 \u2013 e continuano a produrre \u2013 guasti <strong>e danni enormi<\/strong>.\u00a0 La Calabria \u00e8 all&#8217;ultimo posto nella erogazione dei LEA; la Calabria ha il pi\u00f9 alto tasso di mortalit\u00e0 infantile; la Calabria ha il pi\u00f9 basso livello di aspettativa di vita; la Calabria ha il pi\u00f9 basso livello di prevenzione oncologica; la Calabria\u00a0 ha il pi\u00f9 alto tasso di migrazione sanitaria. E tutto ci\u00f2 a fronte del fatto che, invece di rientrare dai disavanzi pregressi in questi lunghi anni di commissariamento, il debito \u00e8 stato accresciuto. Insomma, una catastrofica ecatombe. I 15 anni di commissariamento sono stati un disastro che ha generato<strong> morti evitabili e indicibili sofferenze<\/strong>, altrettanto evitabili, a centinaia e centinaia di famiglie calabresi con un malato grave in casa. E, allora, anche sotto questo profilo \u00e8 giusto assumere un&#8217;iniziativa adeguata e coerente. Pertanto, questo circolo sta studiando la fattibilit\u00e0 di una\u00a0<b>class action da attivare<\/b>, in solido, a carico del Governo nazionale e della Giunta regionale per ottenere il risarcimento danni cos\u00ec ingiustamente patiti dalla popolazione calabrese. L&#8217;ipotesi \u00e8 attualmente sottoposta al vaglio di un pool di giuristi e, nel frattempo, sar\u00e0 allargata all&#8217;interlocuzione con le altre forze politiche e sociali, democratiche e progressiste, nonch\u00e9 con quel mondo dell&#8217;associazionismo particolarmente sensibile a tali problematiche&#8221;.<\/p>\n","protected":false},"excerpt":{"rendered":"<p>COSENZA &#8211; &#8220;Basta. La misura \u00e8 colma. L&#8217;Ospedale civile di Cosenza, costellata, quotidianamente, da indecenti sprechi, da inquietanti disservizi e da gravissimi episodi di malasanit\u00e0, continua a essere, impietosamente, il fanalino di coda nella classifica nazionale, occupando l&#8217;ultimo posto. \u00c8 una situazione ormai non pi\u00f9 tollerabile. Tanto \u00e8 vero che gli eventi degli ultimi giorni [&hellip;]<\/p>\n","protected":false},"author":58,"featured_media":183135,"comment_status":"closed","ping_status":"closed","sticky":false,"template":"","format":"standard","meta":{"_acf_changed":false,"footnotes":"","jetpack_publicize_message":"","jetpack_publicize_feature_enabled":true,"jetpack_social_post_already_shared":false,"jetpack_social_options":{"image_generator_settings":{"template":"highway","default_image_id":0,"font":"","enabled":false},"version":2}},"categories":[563,42],"tags":[19],"class_list":["post-238129","post","type-post","status-publish","format-standard","has-post-thumbnail","hentry","category-area-urbana","category-cosenza","tag-copertina"],"acf":[],"jetpack_publicize_connections":[],"_links":{"self":[{"href":"https:\/\/quicosenza.it\/news\/wp-json\/wp\/v2\/posts\/238129","targetHints":{"allow":["GET"]}}],"collection":[{"href":"https:\/\/quicosenza.it\/news\/wp-json\/wp\/v2\/posts"}],"about":[{"href":"https:\/\/quicosenza.it\/news\/wp-json\/wp\/v2\/types\/post"}],"author":[{"embeddable":true,"href":"https:\/\/quicosenza.it\/news\/wp-json\/wp\/v2\/users\/58"}],"replies":[{"embeddable":true,"href":"https:\/\/quicosenza.it\/news\/wp-json\/wp\/v2\/comments?post=238129"}],"version-history":[{"count":0,"href":"https:\/\/quicosenza.it\/news\/wp-json\/wp\/v2\/posts\/238129\/revisions"}],"wp:featuredmedia":[{"embeddable":true,"href":"https:\/\/quicosenza.it\/news\/wp-json\/wp\/v2\/media\/183135"}],"wp:attachment":[{"href":"https:\/\/quicosenza.it\/news\/wp-json\/wp\/v2\/media?parent=238129"}],"wp:term":[{"taxonomy":"category","embeddable":true,"href":"https:\/\/quicosenza.it\/news\/wp-json\/wp\/v2\/categories?post=238129"},{"taxonomy":"post_tag","embeddable":true,"href":"https:\/\/quicosenza.it\/news\/wp-json\/wp\/v2\/tags?post=238129"}],"curies":[{"name":"wp","href":"https:\/\/api.w.org\/{rel}","templated":true}]}}