{"id":238205,"date":"2024-08-27T13:00:05","date_gmt":"2024-08-27T11:00:05","guid":{"rendered":"https:\/\/www.quicosenza.it\/news\/?p=238205"},"modified":"2024-08-27T11:23:58","modified_gmt":"2024-08-27T09:23:58","slug":"alta-velocita-baldino-occhiuto-convochi-un-tavolo-unico-strategico","status":"publish","type":"post","link":"https:\/\/quicosenza.it\/news\/alta-velocita-baldino-occhiuto-convochi-un-tavolo-unico-strategico\/","title":{"rendered":"Alta velocit\u00e0, Baldino: &#8220;Occhiuto convochi un tavolo unico strategico&#8221;"},"content":{"rendered":"<p>REGGIO CALABRIA &#8211; &#8220;Occhiuto convochi subito un tavolo unico strategico per tutta la mobilit\u00e0 regionale. <strong>Le rivendicazioni delle settimane scorse su nuove fermate della Frecciarossa Sibari Bolzano e le rivendicazioni sull\u2019Alta Velocit\u00e0 Salerno Reggio Calabria, ci dicono che alla nostra regione serve urgentemente un piano unico strategico delle mobilit\u00e0<\/strong>, delle infrastrutture e dei trasporti che coinvolga tutti gli stakeholder: ministero dei Trasporti, Anas, Rfi, Sacal, societ\u00e0 di trasporto, sindacati. Serve un piano che possa assorbire e coniugare le esigenze di tutti i territori in una strategia unica regionale a beneficio di tutti i calabresi per una mobilit\u00e0 efficace sia interna alla Calabria che verso il resto d\u2019Italia e del mondo.<\/p>\n<div data-move=\"\" data-move--destination=\"[data-content--body]\" data-move--destination-position=\"15%\" data-move--destination-distance=\"10%\" data-move--internal-processed=\"\">\n<div class=\"slot slot-intext-0\">\n<div>Nessuno dei tre aeroporti calabresi <strong>\u00e8 integrato per esempio con il sistema ferroviario regionale ed emblematico \u00e8 che la Calabria sia tra le poche regioni in Italia<\/strong> a non essere dotata di un interporto ferroviario per lo scambio di merci.<\/div>\n<div><\/div>\n<\/div>\n<\/div>\n<p>E\u2019 inaccettabile, ancora, che una regione con un potenziale straordinario come la nostra resti isolata dai principali corridoi di mobilit\u00e0 nazionali fermandosi l\u2019alta velocit\u00e0 Salerno Reggio Calabria a Praia. <strong>L&#8217;alta velocit\u00e0 in Calabria non \u00e8 un&#8217;opzione ma una necessit\u00e0. Non possiamo accontentarci di essere tagliati fuori dalle principali reti di trasporto<\/strong>. La Calabria ha bisogno di infrastrutture moderne che la colleghino rapidamente e in modo efficiente al resto del Paese.<\/p>\n<p>Lo stesso M5S al governo l\u2019ha definita un\u2019opera strategica tanto che<strong> il governo Conte ha finanziato tutto quello che era possibile finanziare in base ai tempi stretti del Pnrr e soprattutto ha pianificato con Ferrovie dello Stato<\/strong> l\u2019intera infrastruttura in ottica strategica connettendo tutta la regione fino a Reggio Calabria.<\/p>\n<p>La Calabria<strong> merita di essere connessa al resto del Paese con un sistema di trasporti efficiente e moderno, in grado di rilanciare l&#8217;economia, migliorare la qualit\u00e0 della vita dei cittadini e favorire il turismo.<\/strong> Se per il ministro Salvini \u00e8 possibile realizzare il Ponte sullo Stretto, superando le sfide tecniche e logistiche di un&#8217;opera di tale portata, allora \u00e8 altrettanto possibile superare ogni difficolt\u00e0 e portare l&#8217;Alta Velocit\u00e0 nella nostra regione.<\/p>\n<p>Occhiuto nel frattempo convochi il tavolo unico strategico per tutta la mobilit\u00e0 regionale perch\u00e9 qualsiasi treno ad alta velocit\u00e0 se non connesso ai treni regionali diventa inutile&#8221;, <strong>\u00e8 quanto\u00a0scrive in una nota\u00a0Vittoria Baldino\u00a0vicecapogruppo\u00a0Movimento 5 Stelle\u00a0a Montecitorio.<\/strong><\/p>\n","protected":false},"excerpt":{"rendered":"<p>REGGIO CALABRIA &#8211; &#8220;Occhiuto convochi subito un tavolo unico strategico per tutta la mobilit\u00e0 regionale. Le rivendicazioni delle settimane scorse su nuove fermate della Frecciarossa Sibari Bolzano e le rivendicazioni sull\u2019Alta Velocit\u00e0 Salerno Reggio Calabria, ci dicono che alla nostra regione serve urgentemente un piano unico strategico delle mobilit\u00e0, delle infrastrutture e dei trasporti che [&hellip;]<\/p>\n","protected":false},"author":61,"featured_media":229485,"comment_status":"closed","ping_status":"closed","sticky":false,"template":"","format":"standard","meta":{"_acf_changed":false,"footnotes":"","jetpack_publicize_message":"","jetpack_publicize_feature_enabled":true,"jetpack_social_post_already_shared":false,"jetpack_social_options":{"image_generator_settings":{"template":"highway","default_image_id":0,"font":"","enabled":false},"version":2}},"categories":[17],"tags":[19],"class_list":["post-238205","post","type-post","status-publish","format-standard","has-post-thumbnail","hentry","category-calabria","tag-copertina"],"acf":[],"jetpack_publicize_connections":[],"_links":{"self":[{"href":"https:\/\/quicosenza.it\/news\/wp-json\/wp\/v2\/posts\/238205","targetHints":{"allow":["GET"]}}],"collection":[{"href":"https:\/\/quicosenza.it\/news\/wp-json\/wp\/v2\/posts"}],"about":[{"href":"https:\/\/quicosenza.it\/news\/wp-json\/wp\/v2\/types\/post"}],"author":[{"embeddable":true,"href":"https:\/\/quicosenza.it\/news\/wp-json\/wp\/v2\/users\/61"}],"replies":[{"embeddable":true,"href":"https:\/\/quicosenza.it\/news\/wp-json\/wp\/v2\/comments?post=238205"}],"version-history":[{"count":0,"href":"https:\/\/quicosenza.it\/news\/wp-json\/wp\/v2\/posts\/238205\/revisions"}],"wp:featuredmedia":[{"embeddable":true,"href":"https:\/\/quicosenza.it\/news\/wp-json\/wp\/v2\/media\/229485"}],"wp:attachment":[{"href":"https:\/\/quicosenza.it\/news\/wp-json\/wp\/v2\/media?parent=238205"}],"wp:term":[{"taxonomy":"category","embeddable":true,"href":"https:\/\/quicosenza.it\/news\/wp-json\/wp\/v2\/categories?post=238205"},{"taxonomy":"post_tag","embeddable":true,"href":"https:\/\/quicosenza.it\/news\/wp-json\/wp\/v2\/tags?post=238205"}],"curies":[{"name":"wp","href":"https:\/\/api.w.org\/{rel}","templated":true}]}}