{"id":238273,"date":"2024-08-28T10:00:25","date_gmt":"2024-08-28T08:00:25","guid":{"rendered":"https:\/\/www.quicosenza.it\/news\/?p=238273"},"modified":"2024-08-28T10:00:25","modified_gmt":"2024-08-28T08:00:25","slug":"inchiesta-glicine-acheronte-la-dia-mette-in-amministrazione-giudiziaria-8-societa-turistiche-e-della-ristorazione","status":"publish","type":"post","link":"https:\/\/quicosenza.it\/news\/inchiesta-glicine-acheronte-la-dia-mette-in-amministrazione-giudiziaria-8-societa-turistiche-e-della-ristorazione\/","title":{"rendered":"Inchiesta &#8220;Glicine-Acheronte\u201d: la Dia mette in amministrazione giudiziaria 8 societ\u00e0 turistiche e della ristorazione"},"content":{"rendered":"<p>BRESCIA &#8211; Il Centro Operativo <strong>DIA di Brescia<\/strong>, nell\u2019ambito delle autonome attivit\u00e0 di monitoraggio condotte sulle presenze criminali radicate nel territorio di specifica competenza nonch\u00e9 di attenta analisi delle dinamiche societario-finanziarie che alle stesse sono riconducili, sviluppando risultanze gi\u00e0 emerse con riferimento all\u2019indagine coordinata dalla D.D.A. presso la Procura della Repubblica di Catanzaro denominata \u201c<a href=\"https:\/\/quicosenza.it\/news\/calabria\/glicine-akerontecs-un-altro-maxi-blitz-di-gratteri-contro-clientelismo-incarichi-e-appalti\" target=\"_blank\" rel=\"noopener\"><strong><em>Operazione Glicine-Acheronte<\/em><\/strong><\/a>\u201d, ha proposto ed ottenuto dal Tribunale della Leonessa l\u2019applicazione della\u00a0<strong><em>misura preventiva non ablativa<\/em><\/strong>\u00a0dell\u2019amministrazione giudiziaria prevista dall\u2019art.34 del Codice Antimafia, nei confronti di <strong>8 societ\u00e0 con sedi nelle province di Brescia e Mantova<\/strong> e variamente operanti nei settori agricolo, ippico, estrattivo, ma \u2013 soprattutto \u2013 turistico e della ristorazione.<\/p>\n<h3>Volume d&#8217;affari delle aziende superiore a 15 milioni<\/h3>\n<p>L\u2019intero compendio societario, con volume d\u2019affari superiore nel complesso a <strong>15 milioni di euro, \u00e8 riferibile ad imprenditore di origine veronese,<\/strong> agli arresti domiciliari nel mantovano, dove \u00e8 residente dal mese di giugno 2023 ed operante soprattutto tramite un rinomato complesso ricettivo situato in una nota localit\u00e0 turistica.\u00a0Gli approfondimenti condotti dalla DIA, anche mediante ricorso all\u2019esame dei flussi di segnalazioni per operazioni sospette di riciclaggio, gestiti dall\u2019Unit\u00e0 di Informazione Finanziaria della Banca d\u2019Italia, hanno consentito di confermare l\u2019esistenza di r<strong>adicati rapporti e cointeressenze finanziarie (anche estere) con esponenti di una\u00a0<em>famiglia \u2018ndranghetista\u00a0<\/em><\/strong>che, in varie circostanze, avevano palesato propensione ad intraprendere investimenti nei territori limitrofi al Lago di Garda.<\/p>\n<p>\u00c8 stata tratteggiata, quindi, la proficua ricaduta in termini operativi ed anche finanziari, che tale tipologia di contatti \u2013 <strong>non connotati da profili di occasionalit\u00e0 \u2013 ha avuto sulla gestione di un\u2019ampia parte dell\u2019articolata sfera societaria facente capo all\u2019imprenditore in questione<\/strong>. In esito alla predetta misura preventiva, l\u2019amministrazione delle societ\u00e0 \u00e8 stata affidata per la durata minima di un anno ad un collegio composto da 3 amministratori che, progressivamente, stanno subentrando nelle attivit\u00e0 gestorie.\u00a0L\u2019applicazione dell\u2019art. 34 CAM, come normativamente prescritto, determina l\u2019immediata inefficacia di tutte le misure interdittive di natura prefettizia e comunale che, nel tempo, erano state irrogate nei confronti delle stesse societ\u00e0.<\/p>\n","protected":false},"excerpt":{"rendered":"<p>BRESCIA &#8211; Il Centro Operativo DIA di Brescia, nell\u2019ambito delle autonome attivit\u00e0 di monitoraggio condotte sulle presenze criminali radicate nel territorio di specifica competenza nonch\u00e9 di attenta analisi delle dinamiche societario-finanziarie che alle stesse sono riconducili, sviluppando risultanze gi\u00e0 emerse con riferimento all\u2019indagine coordinata dalla D.D.A. presso la Procura della Repubblica di Catanzaro denominata \u201cOperazione [&hellip;]<\/p>\n","protected":false},"author":55,"featured_media":238274,"comment_status":"closed","ping_status":"closed","sticky":false,"template":"","format":"standard","meta":{"_acf_changed":false,"footnotes":"","jetpack_publicize_message":"","jetpack_publicize_feature_enabled":true,"jetpack_social_post_already_shared":false,"jetpack_social_options":{"image_generator_settings":{"template":"highway","default_image_id":0,"font":"","enabled":false},"version":2}},"categories":[17],"tags":[19],"class_list":["post-238273","post","type-post","status-publish","format-standard","has-post-thumbnail","hentry","category-calabria","tag-copertina"],"acf":[],"jetpack_publicize_connections":[],"_links":{"self":[{"href":"https:\/\/quicosenza.it\/news\/wp-json\/wp\/v2\/posts\/238273","targetHints":{"allow":["GET"]}}],"collection":[{"href":"https:\/\/quicosenza.it\/news\/wp-json\/wp\/v2\/posts"}],"about":[{"href":"https:\/\/quicosenza.it\/news\/wp-json\/wp\/v2\/types\/post"}],"author":[{"embeddable":true,"href":"https:\/\/quicosenza.it\/news\/wp-json\/wp\/v2\/users\/55"}],"replies":[{"embeddable":true,"href":"https:\/\/quicosenza.it\/news\/wp-json\/wp\/v2\/comments?post=238273"}],"version-history":[{"count":0,"href":"https:\/\/quicosenza.it\/news\/wp-json\/wp\/v2\/posts\/238273\/revisions"}],"wp:featuredmedia":[{"embeddable":true,"href":"https:\/\/quicosenza.it\/news\/wp-json\/wp\/v2\/media\/238274"}],"wp:attachment":[{"href":"https:\/\/quicosenza.it\/news\/wp-json\/wp\/v2\/media?parent=238273"}],"wp:term":[{"taxonomy":"category","embeddable":true,"href":"https:\/\/quicosenza.it\/news\/wp-json\/wp\/v2\/categories?post=238273"},{"taxonomy":"post_tag","embeddable":true,"href":"https:\/\/quicosenza.it\/news\/wp-json\/wp\/v2\/tags?post=238273"}],"curies":[{"name":"wp","href":"https:\/\/api.w.org\/{rel}","templated":true}]}}