{"id":238704,"date":"2024-09-02T20:30:36","date_gmt":"2024-09-02T18:30:36","guid":{"rendered":"https:\/\/www.quicosenza.it\/news\/?p=238704"},"modified":"2024-09-02T20:31:24","modified_gmt":"2024-09-02T18:31:24","slug":"boom-di-presenze-al-vinitaly-and-the-city-di-sibari-i-numeri-da-capogiro-della-kermesse-foto","status":"publish","type":"post","link":"https:\/\/quicosenza.it\/news\/boom-di-presenze-al-vinitaly-and-the-city-di-sibari-i-numeri-da-capogiro-della-kermesse-foto\/","title":{"rendered":"Boom di presenze al Vinitaly and the City di Sibari: i numeri da capogiro della kermesse (FOTO)"},"content":{"rendered":"<p>CASSANO ALLO JONIO (CS) \u2013 <strong>Ben 20mila persone hanno affollato il Parco Archeologico di Sibari.<\/strong> L\u2019edizione calabrese del<strong><a href=\"https:\/\/quicosenza.it\/news\/ionio\/migliaia-di-persone-nel-parco-archeologico-di-sibari-per-il-vinitaly-made-in-calabria-video\" target=\"_blank\" rel=\"noopener\"> Vinitaly and the City<\/a>,<\/strong> secondo gli organizzatori, \u00e8 andata oltre le aspettative. <strong>Migliaia di avventori provenienti perlopi\u00f9 dalla provincia di Cosenza, hanno affollato gli stand degustando vini, distillati e tipicit\u00e0 nostrane<\/strong> senza lasciarsi intimorire dai tempi di attesa delle inevitabili code. I pi\u00f9 curiosi hanno sfruttato il servizio navetta per v<strong>isitare anche il Museo della Sibaritide prima di approdare alla kermesse allestita a ridosso degli scavi archeologici<\/strong> che fungevano da cornice all\u2019evento. Una tre giorni entusiasmante per i c<strong>irca 90 espositori<\/strong> che hanno promosso le proprie produzioni illustrandone le qualit\u00e0 ai partecipanti e ai <strong>15 buyer nazionali e europei<\/strong>.<\/p>\n\n\t\t<style>\n\t\t\t#gallery-1 {\n\t\t\t\tmargin: auto;\n\t\t\t}\n\t\t\t#gallery-1 .gallery-item {\n\t\t\t\tfloat: left;\n\t\t\t\tmargin-top: 10px;\n\t\t\t\ttext-align: center;\n\t\t\t\twidth: 33%;\n\t\t\t}\n\t\t\t#gallery-1 img {\n\t\t\t\tborder: 2px solid #cfcfcf;\n\t\t\t}\n\t\t\t#gallery-1 .gallery-caption {\n\t\t\t\tmargin-left: 0;\n\t\t\t}\n\t\t\t\/* see gallery_shortcode() in wp-includes\/media.php *\/\n\t\t<\/style>\n\t\t<div id='gallery-1' class='gallery galleryid-238704 gallery-columns-3 gallery-size-medium'><dl class='gallery-item'>\n\t\t\t<dt class='gallery-icon landscape'>\n\t\t\t\t<a href='https:\/\/quicosenza.it\/news\/boom-di-presenze-al-vinitaly-and-the-city-di-sibari-i-numeri-da-capogiro-della-kermesse-foto\/viitaly-sibari_1\/'><img loading=\"lazy\" decoding=\"async\" width=\"300\" height=\"169\" src=\"https:\/\/quicosenza.it\/news\/wp-content\/uploads\/2024\/09\/Viitaly-Sibari_1-300x169.jpg\" class=\"attachment-medium size-medium\" alt=\"\" srcset=\"https:\/\/quicosenza.it\/news\/wp-content\/uploads\/2024\/09\/Viitaly-Sibari_1-300x169.jpg 300w, https:\/\/quicosenza.it\/news\/wp-content\/uploads\/2024\/09\/Viitaly-Sibari_1-768x432.jpg 768w, https:\/\/quicosenza.it\/news\/wp-content\/uploads\/2024\/09\/Viitaly-Sibari_1-748x420.jpg 748w, https:\/\/quicosenza.it\/news\/wp-content\/uploads\/2024\/09\/Viitaly-Sibari_1-150x84.jpg 150w, https:\/\/quicosenza.it\/news\/wp-content\/uploads\/2024\/09\/Viitaly-Sibari_1-696x391.jpg 696w, https:\/\/quicosenza.it\/news\/wp-content\/uploads\/2024\/09\/Viitaly-Sibari_1.jpg 970w\" sizes=\"auto, (max-width: 300px) 100vw, 300px\" title=\"\"><\/a>\n\t\t\t<\/dt><\/dl><dl class='gallery-item'>\n\t\t\t<dt class='gallery-icon landscape'>\n\t\t\t\t<a href='https:\/\/quicosenza.it\/news\/boom-di-presenze-al-vinitaly-and-the-city-di-sibari-i-numeri-da-capogiro-della-kermesse-foto\/viitaly-sibari_2\/'><img loading=\"lazy\" decoding=\"async\" width=\"300\" height=\"169\" src=\"https:\/\/quicosenza.it\/news\/wp-content\/uploads\/2024\/09\/Viitaly-Sibari_2-300x169.jpg\" class=\"attachment-medium size-medium\" alt=\"\" srcset=\"https:\/\/quicosenza.it\/news\/wp-content\/uploads\/2024\/09\/Viitaly-Sibari_2-300x169.jpg 300w, https:\/\/quicosenza.it\/news\/wp-content\/uploads\/2024\/09\/Viitaly-Sibari_2-768x432.jpg 768w, https:\/\/quicosenza.it\/news\/wp-content\/uploads\/2024\/09\/Viitaly-Sibari_2-748x420.jpg 748w, https:\/\/quicosenza.it\/news\/wp-content\/uploads\/2024\/09\/Viitaly-Sibari_2-150x84.jpg 150w, https:\/\/quicosenza.it\/news\/wp-content\/uploads\/2024\/09\/Viitaly-Sibari_2-696x391.jpg 696w, https:\/\/quicosenza.it\/news\/wp-content\/uploads\/2024\/09\/Viitaly-Sibari_2.jpg 970w\" sizes=\"auto, (max-width: 300px) 100vw, 300px\" title=\"\"><\/a>\n\t\t\t<\/dt><\/dl><dl class='gallery-item'>\n\t\t\t<dt class='gallery-icon landscape'>\n\t\t\t\t<a href='https:\/\/quicosenza.it\/news\/boom-di-presenze-al-vinitaly-and-the-city-di-sibari-i-numeri-da-capogiro-della-kermesse-foto\/viitaly-sibari_4\/'><img loading=\"lazy\" decoding=\"async\" width=\"300\" height=\"168\" src=\"https:\/\/quicosenza.it\/news\/wp-content\/uploads\/2024\/09\/Viitaly-Sibari_4-300x168.jpg\" class=\"attachment-medium size-medium\" alt=\"\" srcset=\"https:\/\/quicosenza.it\/news\/wp-content\/uploads\/2024\/09\/Viitaly-Sibari_4-300x168.jpg 300w, https:\/\/quicosenza.it\/news\/wp-content\/uploads\/2024\/09\/Viitaly-Sibari_4-768x431.jpg 768w, https:\/\/quicosenza.it\/news\/wp-content\/uploads\/2024\/09\/Viitaly-Sibari_4-749x420.jpg 749w, https:\/\/quicosenza.it\/news\/wp-content\/uploads\/2024\/09\/Viitaly-Sibari_4-150x84.jpg 150w, https:\/\/quicosenza.it\/news\/wp-content\/uploads\/2024\/09\/Viitaly-Sibari_4-696x390.jpg 696w, https:\/\/quicosenza.it\/news\/wp-content\/uploads\/2024\/09\/Viitaly-Sibari_4.jpg 970w\" sizes=\"auto, (max-width: 300px) 100vw, 300px\" title=\"\"><\/a>\n\t\t\t<\/dt><\/dl><br style=\"clear: both\" \/><dl class='gallery-item'>\n\t\t\t<dt class='gallery-icon landscape'>\n\t\t\t\t<a href='https:\/\/quicosenza.it\/news\/boom-di-presenze-al-vinitaly-and-the-city-di-sibari-i-numeri-da-capogiro-della-kermesse-foto\/viitaly-sibari_6\/'><img loading=\"lazy\" decoding=\"async\" width=\"300\" height=\"168\" src=\"https:\/\/quicosenza.it\/news\/wp-content\/uploads\/2024\/09\/Viitaly-Sibari_6-300x168.jpg\" class=\"attachment-medium size-medium\" alt=\"\" srcset=\"https:\/\/quicosenza.it\/news\/wp-content\/uploads\/2024\/09\/Viitaly-Sibari_6-300x168.jpg 300w, https:\/\/quicosenza.it\/news\/wp-content\/uploads\/2024\/09\/Viitaly-Sibari_6-768x431.jpg 768w, https:\/\/quicosenza.it\/news\/wp-content\/uploads\/2024\/09\/Viitaly-Sibari_6-749x420.jpg 749w, https:\/\/quicosenza.it\/news\/wp-content\/uploads\/2024\/09\/Viitaly-Sibari_6-150x84.jpg 150w, https:\/\/quicosenza.it\/news\/wp-content\/uploads\/2024\/09\/Viitaly-Sibari_6-696x390.jpg 696w, https:\/\/quicosenza.it\/news\/wp-content\/uploads\/2024\/09\/Viitaly-Sibari_6.jpg 970w\" sizes=\"auto, (max-width: 300px) 100vw, 300px\" title=\"\"><\/a>\n\t\t\t<\/dt><\/dl><dl class='gallery-item'>\n\t\t\t<dt class='gallery-icon landscape'>\n\t\t\t\t<a href='https:\/\/quicosenza.it\/news\/boom-di-presenze-al-vinitaly-and-the-city-di-sibari-i-numeri-da-capogiro-della-kermesse-foto\/viitaly-sibari_7\/'><img loading=\"lazy\" decoding=\"async\" width=\"300\" height=\"168\" src=\"https:\/\/quicosenza.it\/news\/wp-content\/uploads\/2024\/09\/Viitaly-Sibari_7-300x168.jpg\" class=\"attachment-medium size-medium\" alt=\"\" srcset=\"https:\/\/quicosenza.it\/news\/wp-content\/uploads\/2024\/09\/Viitaly-Sibari_7-300x168.jpg 300w, https:\/\/quicosenza.it\/news\/wp-content\/uploads\/2024\/09\/Viitaly-Sibari_7-768x431.jpg 768w, https:\/\/quicosenza.it\/news\/wp-content\/uploads\/2024\/09\/Viitaly-Sibari_7-749x420.jpg 749w, https:\/\/quicosenza.it\/news\/wp-content\/uploads\/2024\/09\/Viitaly-Sibari_7-150x84.jpg 150w, https:\/\/quicosenza.it\/news\/wp-content\/uploads\/2024\/09\/Viitaly-Sibari_7-696x390.jpg 696w, https:\/\/quicosenza.it\/news\/wp-content\/uploads\/2024\/09\/Viitaly-Sibari_7.jpg 970w\" sizes=\"auto, (max-width: 300px) 100vw, 300px\" title=\"\"><\/a>\n\t\t\t<\/dt><\/dl><dl class='gallery-item'>\n\t\t\t<dt class='gallery-icon landscape'>\n\t\t\t\t<a href='https:\/\/quicosenza.it\/news\/boom-di-presenze-al-vinitaly-and-the-city-di-sibari-i-numeri-da-capogiro-della-kermesse-foto\/viitaly-sibari_9\/'><img loading=\"lazy\" decoding=\"async\" width=\"300\" height=\"168\" src=\"https:\/\/quicosenza.it\/news\/wp-content\/uploads\/2024\/09\/Viitaly-Sibari_9-300x168.jpg\" class=\"attachment-medium size-medium\" alt=\"\" srcset=\"https:\/\/quicosenza.it\/news\/wp-content\/uploads\/2024\/09\/Viitaly-Sibari_9-300x168.jpg 300w, https:\/\/quicosenza.it\/news\/wp-content\/uploads\/2024\/09\/Viitaly-Sibari_9-768x431.jpg 768w, https:\/\/quicosenza.it\/news\/wp-content\/uploads\/2024\/09\/Viitaly-Sibari_9-749x420.jpg 749w, https:\/\/quicosenza.it\/news\/wp-content\/uploads\/2024\/09\/Viitaly-Sibari_9-150x84.jpg 150w, https:\/\/quicosenza.it\/news\/wp-content\/uploads\/2024\/09\/Viitaly-Sibari_9-696x390.jpg 696w, https:\/\/quicosenza.it\/news\/wp-content\/uploads\/2024\/09\/Viitaly-Sibari_9.jpg 970w\" sizes=\"auto, (max-width: 300px) 100vw, 300px\" title=\"\"><\/a>\n\t\t\t<\/dt><\/dl><br style=\"clear: both\" \/>\n\t\t<\/div>\n\n<h3>I numeri del Vinitaly and the City<\/h3>\n<p>Da una stima forfettaria sembrerebbe che l\u2019evento abbia movimentato un volume d\u2019affari di circa un milione di euro. Per gli incassi si attendono per\u00f2 ancora le comunicazioni ufficiali di Verona Fiere. <strong>I costi si aggirano invece sui 600mila euro<\/strong> e alcune voci di spesa (come quella relativa alla comunicazione) prevedono servizi che saranno utilizzati anche nei prossimi mesi. La<strong> Regione Calabria ha finanziato l\u2019evento con 400mila euro<\/strong> e nonostante la manifestazione sia stata organizzata in meno di due mesi il risultato appare positivo per l\u2019immagine del comparto vitivinicolo calabrese. <strong>Ad essere impiegato tra stand, parcheggi, spazi divulgativi un piccolo esercito di circa 400 addetti inclusi i sommelier, quest\u2019ultimi pagati pi\u00f9 o meno 150 euro al giorno<\/strong>.<\/p>\n\n\t\t<style>\n\t\t\t#gallery-2 {\n\t\t\t\tmargin: auto;\n\t\t\t}\n\t\t\t#gallery-2 .gallery-item {\n\t\t\t\tfloat: left;\n\t\t\t\tmargin-top: 10px;\n\t\t\t\ttext-align: center;\n\t\t\t\twidth: 33%;\n\t\t\t}\n\t\t\t#gallery-2 img {\n\t\t\t\tborder: 2px solid #cfcfcf;\n\t\t\t}\n\t\t\t#gallery-2 .gallery-caption {\n\t\t\t\tmargin-left: 0;\n\t\t\t}\n\t\t\t\/* see gallery_shortcode() in wp-includes\/media.php *\/\n\t\t<\/style>\n\t\t<div id='gallery-2' class='gallery galleryid-238704 gallery-columns-3 gallery-size-medium'><dl class='gallery-item'>\n\t\t\t<dt class='gallery-icon landscape'>\n\t\t\t\t<a href='https:\/\/quicosenza.it\/news\/boom-di-presenze-al-vinitaly-and-the-city-di-sibari-i-numeri-da-capogiro-della-kermesse-foto\/viitaly-sibari_8\/'><img loading=\"lazy\" decoding=\"async\" width=\"300\" height=\"168\" src=\"https:\/\/quicosenza.it\/news\/wp-content\/uploads\/2024\/09\/Viitaly-Sibari_8-300x168.jpg\" class=\"attachment-medium size-medium\" alt=\"\" srcset=\"https:\/\/quicosenza.it\/news\/wp-content\/uploads\/2024\/09\/Viitaly-Sibari_8-300x168.jpg 300w, https:\/\/quicosenza.it\/news\/wp-content\/uploads\/2024\/09\/Viitaly-Sibari_8-768x431.jpg 768w, https:\/\/quicosenza.it\/news\/wp-content\/uploads\/2024\/09\/Viitaly-Sibari_8-749x420.jpg 749w, https:\/\/quicosenza.it\/news\/wp-content\/uploads\/2024\/09\/Viitaly-Sibari_8-150x84.jpg 150w, https:\/\/quicosenza.it\/news\/wp-content\/uploads\/2024\/09\/Viitaly-Sibari_8-696x390.jpg 696w, https:\/\/quicosenza.it\/news\/wp-content\/uploads\/2024\/09\/Viitaly-Sibari_8.jpg 970w\" sizes=\"auto, (max-width: 300px) 100vw, 300px\" title=\"\"><\/a>\n\t\t\t<\/dt><\/dl><dl class='gallery-item'>\n\t\t\t<dt class='gallery-icon landscape'>\n\t\t\t\t<a href='https:\/\/quicosenza.it\/news\/boom-di-presenze-al-vinitaly-and-the-city-di-sibari-i-numeri-da-capogiro-della-kermesse-foto\/viitaly-sibari_11\/'><img loading=\"lazy\" decoding=\"async\" width=\"300\" height=\"168\" src=\"https:\/\/quicosenza.it\/news\/wp-content\/uploads\/2024\/09\/Viitaly-Sibari_11-300x168.jpg\" class=\"attachment-medium size-medium\" alt=\"\" srcset=\"https:\/\/quicosenza.it\/news\/wp-content\/uploads\/2024\/09\/Viitaly-Sibari_11-300x168.jpg 300w, https:\/\/quicosenza.it\/news\/wp-content\/uploads\/2024\/09\/Viitaly-Sibari_11-768x431.jpg 768w, https:\/\/quicosenza.it\/news\/wp-content\/uploads\/2024\/09\/Viitaly-Sibari_11-749x420.jpg 749w, https:\/\/quicosenza.it\/news\/wp-content\/uploads\/2024\/09\/Viitaly-Sibari_11-150x84.jpg 150w, https:\/\/quicosenza.it\/news\/wp-content\/uploads\/2024\/09\/Viitaly-Sibari_11-696x390.jpg 696w, https:\/\/quicosenza.it\/news\/wp-content\/uploads\/2024\/09\/Viitaly-Sibari_11.jpg 970w\" sizes=\"auto, (max-width: 300px) 100vw, 300px\" title=\"\"><\/a>\n\t\t\t<\/dt><\/dl><dl class='gallery-item'>\n\t\t\t<dt class='gallery-icon landscape'>\n\t\t\t\t<a href='https:\/\/quicosenza.it\/news\/boom-di-presenze-al-vinitaly-and-the-city-di-sibari-i-numeri-da-capogiro-della-kermesse-foto\/viitaly-sibari_12\/'><img loading=\"lazy\" decoding=\"async\" width=\"300\" height=\"168\" src=\"https:\/\/quicosenza.it\/news\/wp-content\/uploads\/2024\/09\/Viitaly-Sibari_12-300x168.jpg\" class=\"attachment-medium size-medium\" alt=\"\" srcset=\"https:\/\/quicosenza.it\/news\/wp-content\/uploads\/2024\/09\/Viitaly-Sibari_12-300x168.jpg 300w, https:\/\/quicosenza.it\/news\/wp-content\/uploads\/2024\/09\/Viitaly-Sibari_12-768x431.jpg 768w, https:\/\/quicosenza.it\/news\/wp-content\/uploads\/2024\/09\/Viitaly-Sibari_12-749x420.jpg 749w, https:\/\/quicosenza.it\/news\/wp-content\/uploads\/2024\/09\/Viitaly-Sibari_12-150x84.jpg 150w, https:\/\/quicosenza.it\/news\/wp-content\/uploads\/2024\/09\/Viitaly-Sibari_12-696x390.jpg 696w, https:\/\/quicosenza.it\/news\/wp-content\/uploads\/2024\/09\/Viitaly-Sibari_12.jpg 970w\" sizes=\"auto, (max-width: 300px) 100vw, 300px\" title=\"\"><\/a>\n\t\t\t<\/dt><\/dl><br style=\"clear: both\" \/>\n\t\t<\/div>\n\n<p>Tra le voci di bilancio che hanno pi\u00f9 pesato sul budget del Vinitaly and the City vi sono il noleggio dal 30 agosto al 1\u00b0 settembre di <strong>gruppi elettrogeni, i cablaggi, l\u2019impianto elettrico e la filodiffusione<\/strong> per un totale di 130mila euro. Una cifra simile \u00e8 stata spesa per il <strong>servizio di allestimento, disallestimento degli spazi espositivi e noleggio arredi<\/strong> che dopo meno di 12 ore dalla chiusura dell\u2019evento erano stati quasi tutti smantellati consentendo il ritorno alla fruizione del Parco Archeologico del Cavallo.<\/p>\n<h3>L\u2019entusiasmo del commissario Arsac Caligiuri<\/h3>\n<p>\u201cSiamo davvero soddisfatti \u2013 afferma Fulvia Caligiuri il commissario <a href=\"https:\/\/arsac.calabria.it\/\" target=\"_blank\" rel=\"noopener\">Arsac<\/a> ente promotore dell\u2019evento \u2013 <strong>siamo riusciti a unire sviluppo turistico, culturale, archeologico e agroalimentare<\/strong>. Non abbiamo ancora i dati definitivi, ma con il prezzo del biglietto non si copriranno mai i costi dell\u2019organizzazione di un evento di tale portata dove \u00e8 stato investito molto nel piano di sicurezza, si \u00e8 garantita la tutela degli scavi archeologici, ma anche l\u2019efficienza delle celle frigorifere e dei servizi di pulizia. <strong>Quello che riceveremo sugli incassi da Veronafiere verr\u00e0 investito per liquidare i fornitori<\/strong>. Ci\u00f2 che ci gratifica \u00e8 l\u2019essere riusciti ad ampliare il ventaglio dei potenziali clienti delle realt\u00e0 che rappresentano l\u2019eccellenza del settore vitivinicolo calabrese\u201d.<\/p>\n","protected":false},"excerpt":{"rendered":"<p>CASSANO ALLO JONIO (CS) \u2013 Ben 20mila persone hanno affollato il Parco Archeologico di Sibari. L\u2019edizione calabrese del Vinitaly and the City, secondo gli organizzatori, \u00e8 andata oltre le aspettative. Migliaia di avventori provenienti perlopi\u00f9 dalla provincia di Cosenza, hanno affollato gli stand degustando vini, distillati e tipicit\u00e0 nostrane senza lasciarsi intimorire dai tempi di [&hellip;]<\/p>\n","protected":false},"author":18,"featured_media":238705,"comment_status":"closed","ping_status":"closed","sticky":false,"template":"","format":"standard","meta":{"_acf_changed":false,"footnotes":"","jetpack_publicize_message":"","jetpack_publicize_feature_enabled":true,"jetpack_social_post_already_shared":false,"jetpack_social_options":{"image_generator_settings":{"template":"highway","default_image_id":0,"font":"","enabled":false},"version":2}},"categories":[572],"tags":[19],"class_list":["post-238704","post","type-post","status-publish","format-standard","has-post-thumbnail","hentry","category-ionio","tag-copertina"],"acf":[],"jetpack_publicize_connections":[],"_links":{"self":[{"href":"https:\/\/quicosenza.it\/news\/wp-json\/wp\/v2\/posts\/238704","targetHints":{"allow":["GET"]}}],"collection":[{"href":"https:\/\/quicosenza.it\/news\/wp-json\/wp\/v2\/posts"}],"about":[{"href":"https:\/\/quicosenza.it\/news\/wp-json\/wp\/v2\/types\/post"}],"author":[{"embeddable":true,"href":"https:\/\/quicosenza.it\/news\/wp-json\/wp\/v2\/users\/18"}],"replies":[{"embeddable":true,"href":"https:\/\/quicosenza.it\/news\/wp-json\/wp\/v2\/comments?post=238704"}],"version-history":[{"count":0,"href":"https:\/\/quicosenza.it\/news\/wp-json\/wp\/v2\/posts\/238704\/revisions"}],"wp:featuredmedia":[{"embeddable":true,"href":"https:\/\/quicosenza.it\/news\/wp-json\/wp\/v2\/media\/238705"}],"wp:attachment":[{"href":"https:\/\/quicosenza.it\/news\/wp-json\/wp\/v2\/media?parent=238704"}],"wp:term":[{"taxonomy":"category","embeddable":true,"href":"https:\/\/quicosenza.it\/news\/wp-json\/wp\/v2\/categories?post=238704"},{"taxonomy":"post_tag","embeddable":true,"href":"https:\/\/quicosenza.it\/news\/wp-json\/wp\/v2\/tags?post=238704"}],"curies":[{"name":"wp","href":"https:\/\/api.w.org\/{rel}","templated":true}]}}