{"id":24176,"date":"2013-07-09T12:08:07","date_gmt":"2013-07-09T10:08:07","guid":{"rendered":"https:\/\/www.quicosenza.it\/news\/?p=24176"},"modified":"2023-01-17T13:21:43","modified_gmt":"2023-01-17T12:21:43","slug":"9692-e-ufficiale-benedetta-parodi-passa-a-real-time","status":"publish","type":"post","link":"https:\/\/quicosenza.it\/news\/9692-e-ufficiale-benedetta-parodi-passa-a-real-time\/","title":{"rendered":"E\u2019 ufficiale: Benedetta Parodi passa a Real Time!"},"content":{"rendered":"<p><strong>Benedetta Parodi<\/strong> ha reso ufficiale su <strong>Twitter<\/strong> e con un\u2019intervista al <strong>Corriere della Sera<\/strong> la voce che girava gi\u00e0 da qualche tempo, ovvero un suo passaggio a <span style=\"text-decoration: underline;\"><strong>Real Time<\/strong><\/span>.<\/p>\n<p>  <!--more-->  <\/p>\n<p>La conduttrice ha confermato di aver lasciato <strong>La7<\/strong> perch\u00e8 non si sentiva pi\u00f9 valorizzata: \u201c<em>La7 mi calzava sempre meno, prima era un canale con una programmazione pi\u00f9 femminile, con il tempo invece \u00e8 diventata una rete sempre pi\u00f9 al maschile, dedicata alla politica, non era pi\u00f9 una realt\u00e0 tanto comoda per me<\/em>\u201d.<\/p>\n<p>La regina dei fornelli ha solo belle parole per il canale tv del gruppo <strong>Discovery<\/strong>: \u201c<em>\u00c8 il posto giusto per me e il mio target, per il mio tipo di programma. Sembro disegnata per Real Time<\/em>\u201d.<\/p>\n<p>Chiss\u00e0 se anche qui la Parodi realizzer\u00e0 un programma dietro i fornelli!!<\/p>\n","protected":false},"excerpt":{"rendered":"<p>Benedetta Parodi ha reso ufficiale su Twitter e con un\u2019intervista al Corriere della Sera la voce che girava gi\u00e0 da qualche tempo, ovvero un suo passaggio a Real Time.<\/p>\n","protected":false},"author":22,"featured_media":24177,"comment_status":"open","ping_status":"open","sticky":false,"template":"","format":"standard","meta":{"_acf_changed":false,"footnotes":"","jetpack_publicize_message":"","jetpack_publicize_feature_enabled":true,"jetpack_social_post_already_shared":false,"jetpack_social_options":{"image_generator_settings":{"template":"highway","default_image_id":0,"font":"","enabled":false},"version":2}},"categories":[548,40,34],"tags":[],"class_list":["post-24176","post","type-post","status-publish","format-standard","has-post-thumbnail","hentry","category-archivio-storico-news","category-cultura-spettacolo","category-magazine"],"acf":[],"jetpack_publicize_connections":[],"_links":{"self":[{"href":"https:\/\/quicosenza.it\/news\/wp-json\/wp\/v2\/posts\/24176","targetHints":{"allow":["GET"]}}],"collection":[{"href":"https:\/\/quicosenza.it\/news\/wp-json\/wp\/v2\/posts"}],"about":[{"href":"https:\/\/quicosenza.it\/news\/wp-json\/wp\/v2\/types\/post"}],"author":[{"embeddable":true,"href":"https:\/\/quicosenza.it\/news\/wp-json\/wp\/v2\/users\/22"}],"replies":[{"embeddable":true,"href":"https:\/\/quicosenza.it\/news\/wp-json\/wp\/v2\/comments?post=24176"}],"version-history":[{"count":0,"href":"https:\/\/quicosenza.it\/news\/wp-json\/wp\/v2\/posts\/24176\/revisions"}],"wp:featuredmedia":[{"embeddable":true,"href":"https:\/\/quicosenza.it\/news\/wp-json\/wp\/v2\/media\/24177"}],"wp:attachment":[{"href":"https:\/\/quicosenza.it\/news\/wp-json\/wp\/v2\/media?parent=24176"}],"wp:term":[{"taxonomy":"category","embeddable":true,"href":"https:\/\/quicosenza.it\/news\/wp-json\/wp\/v2\/categories?post=24176"},{"taxonomy":"post_tag","embeddable":true,"href":"https:\/\/quicosenza.it\/news\/wp-json\/wp\/v2\/tags?post=24176"}],"curies":[{"name":"wp","href":"https:\/\/api.w.org\/{rel}","templated":true}]}}