{"id":24180,"date":"2013-07-09T12:59:00","date_gmt":"2013-07-09T10:59:00","guid":{"rendered":"https:\/\/www.quicosenza.it\/news\/?p=24180"},"modified":"2023-01-17T13:21:43","modified_gmt":"2023-01-17T12:21:43","slug":"9694-ripescaggio-il-cosenza-puo-farcela-centenario-in-c","status":"publish","type":"post","link":"https:\/\/quicosenza.it\/news\/9694-ripescaggio-il-cosenza-puo-farcela-centenario-in-c\/","title":{"rendered":"Ripescaggio, il Cosenza pu\u00f2 farcela. Centenario in C?"},"content":{"rendered":"<p style=\"text-align: justify;\">COSENZA &#8211; Si spera nella promozione. Segnali positivi dalla dirigenza.<\/p>\n<p>  <!--more-->  <\/p>\n<p style=\"text-align: justify;\">L&#8217;amministratore delegato del Cosenza Calcio Domenico Quaglio partecipando alla trasmissione Replay in onda su Ten ha riacceso la speranza nei cuori dei tifosi rossobl\u00f9. A darne notizia \u00e8 la societ\u00e0 Nuova Cosenza Calcio che evidenzia come partendo dalle considerazioni relative alla &#8220;convenienza&#8221; per la societ\u00e0 silana del ripescaggio in Seconda Divisione ne ha spiegato le motivazioni e rivelando che il Cosenza sta preparando la documentazione per accedere alla Lega Pro senza non nascondere le difficolt\u00e0 che incontrer\u00e0 il direttore generale Ciccio Marino nel barcamenarsi tra due soluzioni. Ovvero la Seconda Divisione (come speriamo tutti) e la Serie D. L&#8217;Ad ha anche risposto a chi chiedeva lumi sullo stato dell&#8217;arte per gli stipendi arretrati da corrispondere ai tesserati e ha spiegato che la societ\u00e0 sta lavorando alacremente anche per il traguardo del Centenario. &#8220;Ritengo che la Lega Pro &#8211; ha affermato Quaglio &#8211; sia pi\u00f9 conveniente per il Cosenza Calcio rispetto alla Serie D. Penso che pesino di pi\u00f9 le ulteriori opportunit\u00e0 che avremmo tra i Professionisti in Seconda Divisione che non gli ostacoli. <strong>Il primo passaggio importante \u00e8 la presentazione delle fideiussioni bancarie a prima richiesta, che richiedono in pratica tutta la liquidit\u00e0. Si tratta di un impegno gravoso e importante ed \u00e8 il motivo per cui altre societ\u00e0 non percorreranno la strada del ripescaggio.<\/strong> <strong>Per noi invece \u00e8 diverso. Pensiamo soltanto a quanto potrebbe essere importante festeggiare il nostro Centenario tra i Professionisti.<\/strong> Ma pensiamo anche alle difficolt\u00e0 che presenter\u00e0 il prossimo campionato di Serie D, nel quale, grazie al &#8220;doppio salto&#8221; previsto dal regolamento, saranno in tanti ad attrezzarsi con squadre competitive. Certo, non sar\u00e0 una passeggiata classificarsi tra le prime otto in Seconda Divisione ma ritengo che per noi sia meglio la Lega Pro. Stiamo predisponendo la documentazione per la nostra iscrizione in Serie D, che scade gioved\u00ec prossimo ma stiamo anche preparando la documentazione utile per il ripescaggio in Seconda Divisione. In questo momento il nostro direttore generale Ciccio Marino ha un compito molto difficile perch\u00e9 in pratica \u00e8 costretto a fare l&#8217;equilibrista tra due strategie diverse quali possono essere quella per la Seconda Divisione e quella per la Serie D. Ritengo tuttavia che gi\u00e0 in questa settimana piazzer\u00e0 qualche &#8220;colpo&#8221; importante di mercato. <strong>Per quanto riguarda gli stipendi arretrati siamo in linea con gli accordi siglati con i calciatori, che prevedono la chiusura di tutti i nostri impegni al prossimo 31 agosto. Ci sono posizioni diversificate tra i nostri 32 tesserati ma diciamo che mediamente dobbiamo corrispondere agli atleti due &#8220;rimborsi&#8221;, al massimo due e mezzo.<\/strong> <strong>Noi lavoriamo con i bonifici bancari, per cui \u00e8 tutto tracciabile nella massima trasparenza. Chi dice di avanzare quattro mensilit\u00e0 e mezza mente sapendo di mentire<\/strong>. Stiamo lavorando alle manifestazioni da programmare per il Centenario. A dire il vero, \u00e8 dal mese di marzo che ne stiamo parlando. <strong>Rispetto al marchio che adotteremo per la prossima stagione, abbiamo in mente un coinvolgimento diretto della tifoseria, una sorta di concorso di idee che ci possa indicare la strada pi\u00f9 giusta<\/strong>&#8220;. Ad affermare l&#8217;importanza della promozione per la compagine silana \u00e8 anche il portale della Lega Pro: \u201cUna piazza come Cosenza merita palcoscenici pi\u00f9 importanti della Serie D e grazie al ripescaggio i Lupi rossobl\u00f9 potrebbero finalmente tornare in Lega Pro\u201d. L&#8217;attenzione del portale specializzato n<span>el calcio di terza e quarta serie<\/span> nei confronti del Cosenza Calcio, specialmente in questo momento cruciale per le societ\u00e0 che sperano di essere ripescate, \u00e8 un segnale ottimo nella prospettiva che tutto l\u2019ambiente sogna per lasciare il calcio dilettantistico. &#8220;La societ\u00e0 &#8211; ha dichiarato il direttore generale del Nuova Cosenza Calcio Ciccio Marino dalle colonne del portale legapro.it &#8211; \u00e8 intenzionata e convinta di fare il ripescaggio. Ci sono buone possibilit\u00e0, siamo in attesa del Consiglio Federale e delle decisioni della Covisoc. Sarebbe importante tornare in un palcoscenico professionistico nell&#8217;anno del Centenario. Il nostro intento \u00e8 quello di fare un&#8217;annata importante, da protagonisti come si attende la piazza. Abbiamo preso appunto un allenatore importante come Cappellacci, che aveva fatto la finale Playoff col Teramo per andare in Prima Divisione. Il nostro mercato \u00e8 in stand-by; perch\u00e9&nbsp;in caso di Lega Pro avremo bisogno di giocatori di categoria&#8221;. Intanto si aprono giorni decisivi per il verdetto sul ripescaggio. Oggi a Roma \u00e8 in corso la riunione del Consiglio Federale, che tra gli altri argomenti all\u2019ordine del giorno ha anche quello dei ripescaggi nei campionati professionistici. Verosimilmente sar\u00e0 ribadito il regolamento, gi\u00e0 definito il 7 maggio scorso, riguardante l\u2019alternanza tra le societ\u00e0 provenienti dalla Serie D e quelle appena retrocesse. Ma soprattutto verranno stabiliti i termini per la presentazione delle domande di ripescaggio. <strong>Gioved\u00ec la Covisoc render\u00e0 note le due decisioni rispetto alla documentazione presentata dalle societ\u00e0 di Lega Pro e quindi all\u2019esito delle istruttorie. Sia rispetto alle fideiussioni bancarie presentate o da presentare sia rispetto al temutissimo documento del budget finanziario, diventato obbligatorio ai fini dell\u2019ammissione ai campionati di Lega Pro.&nbsp;<\/strong>Entro il 16 luglio le societ\u00e0 bocciate in prima istanza potranno integrare la documentazione mancante presentandola insieme ad apposito ricorso alla stessa Covisoc, mentre gioved\u00ec 18 luglio la Covisoc esprimer\u00e0 parere motivato sui ricorsi presentati e a questo punto per le societ\u00e0 bocciate non ci sar\u00e0 pi\u00f9 niente da fare contro le sue decisioni. Venerd\u00ec 19 luglio il Consiglio Federale della Figc si riunir\u00e0 per decidere definitivamente l\u2019elenco delle societ\u00e0 ammesse e delle societ\u00e0&nbsp;escluse dai campionati di Lega Pro e da luned\u00ec 22 luglio le societ\u00e0 interessate ad ottenere il ripescaggio dovranno essere pronte a presentare la documentazione necessaria. Verosimilmente sar\u00e0 fissata una data utile per tutte e tra il 23 e il 26 luglio si dovrebbe conoscere tutta la verit\u00e0. Entro il 9 agosto quindi dovranno essere compilati sia i gironi di Prima e Seconda Divisione che i calendari dei nuovi campionati. Ai tifosi non resta che incrociare le dita.<\/p>\n","protected":false},"excerpt":{"rendered":"<p>COSENZA &#8211; Si spera nella promozione. Segnali positivi dalla dirigenza.<\/p>\n","protected":false},"author":22,"featured_media":24181,"comment_status":"open","ping_status":"open","sticky":false,"template":"","format":"standard","meta":{"_acf_changed":false,"footnotes":"","jetpack_publicize_message":"","jetpack_publicize_feature_enabled":true,"jetpack_social_post_already_shared":false,"jetpack_social_options":{"image_generator_settings":{"template":"highway","default_image_id":0,"font":"","enabled":false},"version":2}},"categories":[548,20],"tags":[],"class_list":["post-24180","post","type-post","status-publish","format-standard","has-post-thumbnail","hentry","category-archivio-storico-news","category-sport"],"acf":[],"jetpack_publicize_connections":[],"_links":{"self":[{"href":"https:\/\/quicosenza.it\/news\/wp-json\/wp\/v2\/posts\/24180","targetHints":{"allow":["GET"]}}],"collection":[{"href":"https:\/\/quicosenza.it\/news\/wp-json\/wp\/v2\/posts"}],"about":[{"href":"https:\/\/quicosenza.it\/news\/wp-json\/wp\/v2\/types\/post"}],"author":[{"embeddable":true,"href":"https:\/\/quicosenza.it\/news\/wp-json\/wp\/v2\/users\/22"}],"replies":[{"embeddable":true,"href":"https:\/\/quicosenza.it\/news\/wp-json\/wp\/v2\/comments?post=24180"}],"version-history":[{"count":0,"href":"https:\/\/quicosenza.it\/news\/wp-json\/wp\/v2\/posts\/24180\/revisions"}],"wp:featuredmedia":[{"embeddable":true,"href":"https:\/\/quicosenza.it\/news\/wp-json\/wp\/v2\/media\/24181"}],"wp:attachment":[{"href":"https:\/\/quicosenza.it\/news\/wp-json\/wp\/v2\/media?parent=24180"}],"wp:term":[{"taxonomy":"category","embeddable":true,"href":"https:\/\/quicosenza.it\/news\/wp-json\/wp\/v2\/categories?post=24180"},{"taxonomy":"post_tag","embeddable":true,"href":"https:\/\/quicosenza.it\/news\/wp-json\/wp\/v2\/tags?post=24180"}],"curies":[{"name":"wp","href":"https:\/\/api.w.org\/{rel}","templated":true}]}}