{"id":241885,"date":"2024-10-26T07:00:34","date_gmt":"2024-10-26T05:00:34","guid":{"rendered":"https:\/\/www.quicosenza.it\/news\/?p=241885"},"modified":"2024-10-25T11:20:38","modified_gmt":"2024-10-25T09:20:38","slug":"stanotte-torna-lora-solare-lancette-indietro-di-unora-piu-luce-al-mattino-ma-fara-notte-prima","status":"publish","type":"post","link":"https:\/\/quicosenza.it\/news\/stanotte-torna-lora-solare-lancette-indietro-di-unora-piu-luce-al-mattino-ma-fara-notte-prima\/","title":{"rendered":"Stanotte torna l&#8217;ora solare: lancette indietro di un&#8217;ora. Pi\u00f9 luce al mattino, ma far\u00e0 notte prima"},"content":{"rendered":"<p>COSENZA &#8211; <strong>Alle 3:00 di questa notte lancette dell&#8217;orologio indietro di un&#8217;ora per il ritorno all&#8217;ora solare<\/strong> e lo stop di quella <a href=\"https:\/\/quicosenza.it\/news\/calabria\/stanotte-torna-lora-legale-lancette-avanti-dalle-2-alle-3-guadagneremo-unora-di-luce\" target=\"_blank\" rel=\"noopener\">legale<\/a>, introdotta per sfruttare al massimo le ore di luce durante i mesi pi\u00f9 caldi, <strong>che torner\u00e0 il prossimo anno alla fine di marzo<\/strong>. L&#8217;ora solare, <strong>che ci regaler\u00e0 un&#8217;ora di sonno in pi\u00f9, <\/strong>segna il ritorno al regime di tempo che pi\u00f9 si avvicina al ciclo naturale del sole e l&#8217;avvicinarsi alla stagione invernale con un cambio di ritmo nella vita quotidiana e nella gestione del tempo.<\/p>\n<h3>Ora solare: meno luce e giornate pi\u00f9 brevi<\/h3>\n<p>Uno degli effetti pi\u00f9 tangibili del ritorno all\u2019ora solare \u00e8 inevitabilmente legato alla luce del sole: <strong>far\u00e0 notte prima e ci\u00f2 si traduce in giornate pi\u00f9 brevi<\/strong>. Ci contro,<strong> far\u00e0 giorno molto prima<\/strong>.\u00a0In autunno e in inverno, il sole tramonta gi\u00e0 presto a causa dell&#8217;inclinazione dell&#8217;asse terrestre. Con l\u2019ora solare, il tramonto anticipa ulteriormente: ad esempio dai primi giorni di novembre<strong> il sole cala gi\u00e0 intorno alle 17:00<\/strong>. Questo cambiamento si traduce in un <strong>sensibile calo delle ore di luce pomeridiane<\/strong>, mentre le mattine risulteranno un po\u2019 pi\u00f9 luminose.<\/p>\n<p><a href=\"https:\/\/quicosenza.it\/news\/wp-content\/uploads\/2022\/12\/cosenza_al_tramonto-1.jpg\"><img loading=\"lazy\" decoding=\"async\" class=\"wp-image-65889 aligncenter\" src=\"https:\/\/quicosenza.it\/news\/wp-content\/uploads\/2022\/12\/cosenza_al_tramonto-1.jpg\" alt=\"\" width=\"577\" height=\"384\" title=\"\" srcset=\"https:\/\/quicosenza.it\/news\/wp-content\/uploads\/2022\/12\/cosenza_al_tramonto-1.jpg 735w, https:\/\/quicosenza.it\/news\/wp-content\/uploads\/2022\/12\/cosenza_al_tramonto-1-300x200.jpg 300w\" sizes=\"auto, (max-width: 577px) 100vw, 577px\" \/><\/a><\/p>\n<h3>Gli effetti sull\u2019umore e sul benessere<\/h3>\n<p>Il ritorno all&#8217;ora solare pu\u00f2 avere anche degli effetti sull&#8217;umore e sul benessere psicofisico delle persone. L\u2019improvviso arrivo del buio nel tardo pomeriggio pu\u00f2 accentuare una sensazione di stanchezza, affaticamento e, in alcuni casi, predisporre a episodi di <strong>malinconia stagionale<\/strong>.\u00a0\u00a0Per affrontare al meglio l&#8217;arrivo dell&#8217;ora solare e il cambiamento di ritmo che comporta, ecco alcuni consigli utili:<\/p>\n<ol>\n<li><strong>Esponiti alla luce naturale<\/strong>: sfrutta le ore di luce durante il giorno per ricaricarti. Passa del tempo all&#8217;aperto, anche se solo per una passeggiata<\/li>\n<li><strong>Adatta gradualmente il ritmo sonno-veglia<\/strong>: cerca di mantenere orari regolari per andare a letto e svegliarti, in modo da non sentirti troppo disorientato dall&#8217;ora in pi\u00f9 o dalla diversa luminosit\u00e0.<\/li>\n<li><strong>Mantieni un\u2019alimentazione equilibrata<\/strong>: una dieta sana e ricca di vitamine pu\u00f2 aiutare a combattere la stanchezza e migliorare l\u2019umore.<\/li>\n<li><strong>Fai attivit\u00e0 fisica<\/strong>: l\u2019esercizio fisico aiuta a mantenere alti i livelli di energia e a contrastare il calo dell\u2019umore.<\/li>\n<\/ol>\n<p><a href=\"https:\/\/quicosenza.it\/news\/wp-content\/uploads\/2022\/12\/sonno1.jpg\"><img loading=\"lazy\" decoding=\"async\" class=\"wp-image-90483 aligncenter\" src=\"https:\/\/quicosenza.it\/news\/wp-content\/uploads\/2022\/12\/sonno1.jpg\" alt=\"\" width=\"485\" height=\"323\" title=\"\" srcset=\"https:\/\/quicosenza.it\/news\/wp-content\/uploads\/2022\/12\/sonno1.jpg 660w, https:\/\/quicosenza.it\/news\/wp-content\/uploads\/2022\/12\/sonno1-300x200.jpg 300w\" sizes=\"auto, (max-width: 485px) 100vw, 485px\" \/><\/a><\/p>\n<h3>Vantaggi e svantaggi del cambio di Ora<\/h3>\n<p>Il cambio dell\u2019ora ha da sempre alimentato un acceso dibattito. Chi \u00e8 favorevole all\u2019ora legale sostiene che p<strong>ermette di risparmiare energia elettrica, riducendo il consumo di luce artificiale durante i mesi estivi.<\/strong> Tuttavia, con il ritorno all&#8217;ora solare, questo risparmio svanisce, e le giornate corte possono sembrare meno produttive.\u00a0Un altro effetto positivo del ritorno all&#8217;ora solare \u00e8<strong> l\u2019aumento di luminosit\u00e0 al mattino<\/strong>. Questo<strong> pu\u00f2 facilitare il risveglio e migliorare la concentrazione nelle prime ore della giornata<\/strong>. D&#8217;altra parte, per\u00f2, chi lavora fino a tardi o svolge attivit\u00e0 all\u2019aperto durante il pomeriggio e la sera, potrebbe risentire maggiormente del buio anticipato.<\/p>\n<p><a href=\"https:\/\/quicosenza.it\/news\/wp-content\/uploads\/2023\/02\/sole.jpg\"><img loading=\"lazy\" decoding=\"async\" class=\"wp-image-191736 aligncenter\" src=\"https:\/\/quicosenza.it\/news\/wp-content\/uploads\/2023\/02\/sole.jpg\" alt=\"\" width=\"515\" height=\"343\" title=\"\" srcset=\"https:\/\/quicosenza.it\/news\/wp-content\/uploads\/2023\/02\/sole.jpg 1688w, https:\/\/quicosenza.it\/news\/wp-content\/uploads\/2023\/02\/sole-300x200.jpg 300w, https:\/\/quicosenza.it\/news\/wp-content\/uploads\/2023\/02\/sole-1024x682.jpg 1024w, https:\/\/quicosenza.it\/news\/wp-content\/uploads\/2023\/02\/sole-768x512.jpg 768w, https:\/\/quicosenza.it\/news\/wp-content\/uploads\/2023\/02\/sole-1536x1024.jpg 1536w, https:\/\/quicosenza.it\/news\/wp-content\/uploads\/2023\/02\/sole-150x100.jpg 150w, https:\/\/quicosenza.it\/news\/wp-content\/uploads\/2023\/02\/sole-696x464.jpg 696w, https:\/\/quicosenza.it\/news\/wp-content\/uploads\/2023\/02\/sole-1068x712.jpg 1068w, https:\/\/quicosenza.it\/news\/wp-content\/uploads\/2023\/02\/sole-630x420.jpg 630w\" sizes=\"auto, (max-width: 515px) 100vw, 515px\" \/><\/a><\/p>\n<p>Negli ultimi anni, a livello europeo si \u00e8 aperto un dibattito sulla possibile abolizione del cambio di ora stagionale. <strong>Nel 2018, il Parlamento Europeo ha votato a favore della proposta di eliminare il passaggio tra ora legale e ora solare<\/strong>, lasciando ai singoli Stati membri la scelta di adottare permanentemente l\u2019una o l\u2019altra. Tuttavia, nonostante il voto favorevole, la decisione finale \u00e8 stata posticipata e, per ora, il sistema rimane invariato. L&#8217;<strong>Italia<\/strong> <strong>e molti altri paesi dell&#8217;Unione Europea hanno scelto di mantenere il tradizionale cambio dell&#8217;ora almeno per il prossimo futuro<\/strong>. Questo significa che continueremo a passare dall\u2019ora legale all\u2019ora solare ogni autunno, con il ritorno alle giornate pi\u00f9 corte e all\u2019abitudine di accendere le luci gi\u00e0 nel tardo pomeriggio.<\/p>\n<p>Secondo le stime di <a href=\"http:\/\/www.terna.it\" rel=\"noopener\">Terna<\/a>, la societ\u00e0 che gestisce la rete elettrica di trasmissione nazionale, <strong>durante i sette mesi di ora legale <\/strong>nei sette mesi di ora legale quest&#8217;anno il sistema elettrico italiano ha<strong> beneficiato di minori consumi di energia per 340 milioni di kWh<\/strong>, pari al valore di fabbisogno medio annuo di circa 130 mila famiglie. <strong>Il dato si traduce in un risparmio economico di oltre 75 milioni di euro.\u00a0<\/strong><\/p>\n<p><strong>I benefici dell&#8217;ora legale riguardino anche l&#8217;ambiente<\/strong>: il minor consumo elettrico ha infatti consentito di evitare emissioni di CO2 in atmosfera per circa 160 mila tonnellate. Nel 2024, considerando il periodo di ora legale da domenica 31 marzo a domenica 27 ottobre, giorno in cui torner\u00e0 l&#8217;ora solare, il costo del kilowattora medio per il &#8216;cliente domestico tipo in maggior tutela&#8217; \u00e8 stato, secondo i dati dell&#8217;Autorit\u00e0 di Regolazione per Energia Reti e Ambiente, di circa 22,2 centesimi di euro al lordo delle imposte.\u00a0D<strong>al 2004 al 2024, secondo l&#8217;analisi di Terna, il minor consumo di energia elettrica per l&#8217;Italia dovuto all&#8217;ora legale \u00e8 stato complessivamente di oltre 11,7 miliardi di kWh<\/strong> e ha comportato, in termini economici, <strong>un risparmio per i cittadini di circa 2,2 miliardi di euro<\/strong>.<\/p>\n","protected":false},"excerpt":{"rendered":"<p>COSENZA &#8211; Alle 3:00 di questa notte lancette dell&#8217;orologio indietro di un&#8217;ora per il ritorno all&#8217;ora solare e lo stop di quella legale, introdotta per sfruttare al massimo le ore di luce durante i mesi pi\u00f9 caldi, che torner\u00e0 il prossimo anno alla fine di marzo. L&#8217;ora solare, che ci regaler\u00e0 un&#8217;ora di sonno in [&hellip;]<\/p>\n","protected":false},"author":55,"featured_media":241890,"comment_status":"closed","ping_status":"closed","sticky":false,"template":"","format":"standard","meta":{"_acf_changed":false,"footnotes":"","jetpack_publicize_message":"","jetpack_publicize_feature_enabled":true,"jetpack_social_post_already_shared":false,"jetpack_social_options":{"image_generator_settings":{"template":"highway","default_image_id":0,"font":"","enabled":false},"version":2}},"categories":[16],"tags":[19],"class_list":["post-241885","post","type-post","status-publish","format-standard","has-post-thumbnail","hentry","category-italia","tag-copertina"],"acf":[],"jetpack_publicize_connections":[],"_links":{"self":[{"href":"https:\/\/quicosenza.it\/news\/wp-json\/wp\/v2\/posts\/241885","targetHints":{"allow":["GET"]}}],"collection":[{"href":"https:\/\/quicosenza.it\/news\/wp-json\/wp\/v2\/posts"}],"about":[{"href":"https:\/\/quicosenza.it\/news\/wp-json\/wp\/v2\/types\/post"}],"author":[{"embeddable":true,"href":"https:\/\/quicosenza.it\/news\/wp-json\/wp\/v2\/users\/55"}],"replies":[{"embeddable":true,"href":"https:\/\/quicosenza.it\/news\/wp-json\/wp\/v2\/comments?post=241885"}],"version-history":[{"count":0,"href":"https:\/\/quicosenza.it\/news\/wp-json\/wp\/v2\/posts\/241885\/revisions"}],"wp:featuredmedia":[{"embeddable":true,"href":"https:\/\/quicosenza.it\/news\/wp-json\/wp\/v2\/media\/241890"}],"wp:attachment":[{"href":"https:\/\/quicosenza.it\/news\/wp-json\/wp\/v2\/media?parent=241885"}],"wp:term":[{"taxonomy":"category","embeddable":true,"href":"https:\/\/quicosenza.it\/news\/wp-json\/wp\/v2\/categories?post=241885"},{"taxonomy":"post_tag","embeddable":true,"href":"https:\/\/quicosenza.it\/news\/wp-json\/wp\/v2\/tags?post=241885"}],"curies":[{"name":"wp","href":"https:\/\/api.w.org\/{rel}","templated":true}]}}