{"id":242916,"date":"2024-10-25T19:00:59","date_gmt":"2024-10-25T17:00:59","guid":{"rendered":"https:\/\/www.quicosenza.it\/news\/?p=242916"},"modified":"2024-10-25T18:49:43","modified_gmt":"2024-10-25T16:49:43","slug":"a-cosenza-il-comandante-regionale-dei-carabinieri-servizi-di-prossimita-prima-strategia-contro-il-crimine","status":"publish","type":"post","link":"https:\/\/quicosenza.it\/news\/a-cosenza-il-comandante-regionale-dei-carabinieri-servizi-di-prossimita-prima-strategia-contro-il-crimine\/","title":{"rendered":"A Cosenza il Comandante regionale dei Carabinieri. \u201cServizi di prossimit\u00e0\u201d prima strategia contro il crimine"},"content":{"rendered":"<p>COSENZA &#8211; Il <strong>Generale di Brigata, Riccardo Sciuto, Comandante della Legione Carabinieri \u201cCalabria\u201d<\/strong> ha visitato questa mattina il <strong>Comando Provinciale dei Carabinieri di Cosenza<\/strong>. L\u2019alto Ufficiale dopo essere stato accolto dal Comandante Provinciale, <strong>Colonnello Andrea Mommo<\/strong>, si \u00e8 intrattenuto con gli Ufficiali dei Reparti della linea territoriale, forestale e speciale, che operano nel territorio della Provincia di Cosenza, incontrando una rappresentanza di Carabinieri in servizio e dell&#8217;Associazione Nazionale Carabinieri in congedo di Cosenza.<\/p>\n<h3>\u201cServizi di prossimit\u00e0\u201d prima strategia contro il crimine<\/h3>\n<p>Durante l&#8217;incontro, il Generale Sciuto, nell\u2019esprimere<strong> il suo apprezzamento per il dimostrato legame tra le diverse articolazioni che operano nel territorio cosentino<\/strong> e l\u2019assidua oltre che costante presenza dei Carabinieri in quiescenza nella vita sociale del territorio, ha rivolto espressioni di esortazione a continuare a fornire il <strong>massimo impegno in tutte le attivit\u00e0 istituzionali<\/strong>, sottolineando l\u2019importanza della costante vicinanza e attenzione alle esigenze dei cittadini, soprattutto nei cosiddetti<strong> \u201cservizi di prossimit\u00e0\u201d<\/strong>, c<strong>he, di fatto, sono la prima strategia d\u2019impatto per contrastare alla base anche le pi\u00f9 complesse e radicate dinamiche criminali.<\/strong><\/p>\n<p>Sempre durante l\u2019incontro il Generale ha consegnato alcuni <strong>encomi a militari in forza al Comando Provinciale dei Carabinieri di Cosenza<\/strong> <strong>che si sono particolarmente distinti per lodevoli attivit\u00e0 di polizia giudiziaria,<\/strong> sottolineando nel contempo il valore di ogni singolo Carabiniere all&#8217;interno dell&#8217;organizzazione prescindendo dal grado rivestito, che da oltre 200 anni \u00e8 costantemente presente anche nei centri di minor importanza, ove il Carabiniere assume un valore altamente rappresentativo dello stato e della legalit\u00e0.<\/p>\n<p><a href=\"https:\/\/quicosenza.it\/news\/wp-content\/uploads\/2022\/12\/comando-provinciale-carabinieri-cosenza.jpg\"><img loading=\"lazy\" decoding=\"async\" class=\"wp-image-142818 aligncenter\" src=\"https:\/\/quicosenza.it\/news\/wp-content\/uploads\/2022\/12\/comando-provinciale-carabinieri-cosenza.jpg\" alt=\"\" width=\"559\" height=\"335\" title=\"\" srcset=\"https:\/\/quicosenza.it\/news\/wp-content\/uploads\/2022\/12\/comando-provinciale-carabinieri-cosenza.jpg 900w, https:\/\/quicosenza.it\/news\/wp-content\/uploads\/2022\/12\/comando-provinciale-carabinieri-cosenza-300x180.jpg 300w, https:\/\/quicosenza.it\/news\/wp-content\/uploads\/2022\/12\/comando-provinciale-carabinieri-cosenza-768x460.jpg 768w\" sizes=\"auto, (max-width: 559px) 100vw, 559px\" \/><\/a><\/p>\n<h3>Carabinieri e la lotta alle infiltrazioni negli appalti pubblici<\/h3>\n<p>La visita del Generale al territorio cosentino \u00e8 proseguita con l\u2019<strong>incontro con il Prefetto Rosa Maria Padovano,<\/strong> autorit\u00e0 deputata a mediare le esigenze del territorio in uno con l\u2019importante funzione di coordinamento tra le Forze dell\u2019Ordine della Provincia. Il Generale Sciuto ha sottolineato la volont\u00e0 di <strong>continuare la stretta e proficua collaborazione<\/strong> che ha caratterizzato il quotidiano lavoro che vede l<strong>\u2019Arma dei Carabinieri sempre pi\u00f9 parte attiva nell\u2019ambito delle comunit\u00e0<\/strong>, nonch\u00e9 <strong>nell\u2019azione di prevenzione e contrasto ai tentativi di infiltrazione di matrice \u2018ndranghetistica negli appalti pubblici e nell\u2019economia<\/strong> che \u00e8 alla base del progresso sociale nazionale.<\/p>\n<p><a href=\"https:\/\/quicosenza.it\/news\/wp-content\/uploads\/2024\/09\/carabinieri-cosenza.jpg\"><img loading=\"lazy\" decoding=\"async\" class=\"wp-image-239847 aligncenter\" src=\"https:\/\/quicosenza.it\/news\/wp-content\/uploads\/2024\/09\/carabinieri-cosenza.jpg\" alt=\"\" width=\"514\" height=\"318\" title=\"\" srcset=\"https:\/\/quicosenza.it\/news\/wp-content\/uploads\/2024\/09\/carabinieri-cosenza.jpg 970w, https:\/\/quicosenza.it\/news\/wp-content\/uploads\/2024\/09\/carabinieri-cosenza-300x186.jpg 300w, https:\/\/quicosenza.it\/news\/wp-content\/uploads\/2024\/09\/carabinieri-cosenza-768x475.jpg 768w, https:\/\/quicosenza.it\/news\/wp-content\/uploads\/2024\/09\/carabinieri-cosenza-679x420.jpg 679w, https:\/\/quicosenza.it\/news\/wp-content\/uploads\/2024\/09\/carabinieri-cosenza-150x93.jpg 150w, https:\/\/quicosenza.it\/news\/wp-content\/uploads\/2024\/09\/carabinieri-cosenza-696x431.jpg 696w, https:\/\/quicosenza.it\/news\/wp-content\/uploads\/2024\/09\/carabinieri-cosenza-356x220.jpg 356w\" sizes=\"auto, (max-width: 514px) 100vw, 514px\" \/><\/a><\/p>\n<p>Nell\u2019occasione il Comandante della Legione Carabinieri \u201cCalabria\u201d ha salutato S.E. <strong>Monsignor Giovanni Checchinato, Arcivescovo di Cosenza<\/strong>, condividendo i concetti di spiritualit\u00e0 e vicinanza quali espressioni che accomunano la Chiesa e l\u2019Arma dei Carabinieri, svolgendo la missione in favore di tutta la popolazione, sia in circostanze pi\u00f9 strettamente operative che in termini di rassicurante e solidale vicinanza nei confronti dei pi\u00f9 vulnerabili e dei pi\u00f9 fragili.<\/p>\n","protected":false},"excerpt":{"rendered":"<p>COSENZA &#8211; Il Generale di Brigata, Riccardo Sciuto, Comandante della Legione Carabinieri \u201cCalabria\u201d ha visitato questa mattina il Comando Provinciale dei Carabinieri di Cosenza. L\u2019alto Ufficiale dopo essere stato accolto dal Comandante Provinciale, Colonnello Andrea Mommo, si \u00e8 intrattenuto con gli Ufficiali dei Reparti della linea territoriale, forestale e speciale, che operano nel territorio della [&hellip;]<\/p>\n","protected":false},"author":55,"featured_media":242920,"comment_status":"closed","ping_status":"closed","sticky":false,"template":"","format":"standard","meta":{"_acf_changed":false,"footnotes":"","jetpack_publicize_message":"","jetpack_publicize_feature_enabled":true,"jetpack_social_post_already_shared":false,"jetpack_social_options":{"image_generator_settings":{"template":"highway","default_image_id":0,"font":"","enabled":false},"version":2}},"categories":[563,42],"tags":[19],"class_list":["post-242916","post","type-post","status-publish","format-standard","has-post-thumbnail","hentry","category-area-urbana","category-cosenza","tag-copertina"],"acf":[],"jetpack_publicize_connections":[],"_links":{"self":[{"href":"https:\/\/quicosenza.it\/news\/wp-json\/wp\/v2\/posts\/242916","targetHints":{"allow":["GET"]}}],"collection":[{"href":"https:\/\/quicosenza.it\/news\/wp-json\/wp\/v2\/posts"}],"about":[{"href":"https:\/\/quicosenza.it\/news\/wp-json\/wp\/v2\/types\/post"}],"author":[{"embeddable":true,"href":"https:\/\/quicosenza.it\/news\/wp-json\/wp\/v2\/users\/55"}],"replies":[{"embeddable":true,"href":"https:\/\/quicosenza.it\/news\/wp-json\/wp\/v2\/comments?post=242916"}],"version-history":[{"count":0,"href":"https:\/\/quicosenza.it\/news\/wp-json\/wp\/v2\/posts\/242916\/revisions"}],"wp:featuredmedia":[{"embeddable":true,"href":"https:\/\/quicosenza.it\/news\/wp-json\/wp\/v2\/media\/242920"}],"wp:attachment":[{"href":"https:\/\/quicosenza.it\/news\/wp-json\/wp\/v2\/media?parent=242916"}],"wp:term":[{"taxonomy":"category","embeddable":true,"href":"https:\/\/quicosenza.it\/news\/wp-json\/wp\/v2\/categories?post=242916"},{"taxonomy":"post_tag","embeddable":true,"href":"https:\/\/quicosenza.it\/news\/wp-json\/wp\/v2\/tags?post=242916"}],"curies":[{"name":"wp","href":"https:\/\/api.w.org\/{rel}","templated":true}]}}