{"id":245252,"date":"2024-11-24T12:34:42","date_gmt":"2024-11-24T11:34:42","guid":{"rendered":"https:\/\/www.quicosenza.it\/news\/?p=245252"},"modified":"2024-11-24T12:34:42","modified_gmt":"2024-11-24T11:34:42","slug":"san-lucido-casa-di-riposo-ex-onpi-sfratto-dal-comune-bruno-gravi-conseguenze","status":"publish","type":"post","link":"https:\/\/quicosenza.it\/news\/san-lucido-casa-di-riposo-ex-onpi-sfratto-dal-comune-bruno-gravi-conseguenze\/","title":{"rendered":"San Lucido: casa di riposo ex Onpi, sfratto dal Comune. Bruno: &#8220;gravi conseguenze&#8221;"},"content":{"rendered":"<p>SAN LUCIDO (CS) &#8211; &#8220;Apprendiamo, con disdegno, che nei giorni scorsi, il Responsabile dell&#8217;UTC del Comune di San Lucido, ha formalmente<strong> richiesto all&#8217;attuale gestore della struttura comunale &#8220;casa di riposo EX. ONPI&#8221; la riconsegna dei locali<\/strong>. Restiamo sconcertati da quanto sta accadendo nella nostra comunit\u00e0 relativamente a questa annosa vicenda, ancor pi\u00f9, dopo l&#8217;ultima notizia appresa, con cui l&#8217;Amministrazione Comunale a guida De Tommaso, per il tramite del responsabile dell&#8217;UTC, sembrerebbe abbia richiesto formalmente il rilascio dei locali al Gestore per gravi inadempienze contrattuali&#8221;. A scriverlo in una nota \u00e8 la consigliera comunale Caterina Bruno, Capogruppo di &#8220;CAMBIARE SI PU\u00d2&#8221;.<\/p>\n<p>Tra le cose che ci lasciano senza parole sembrerebbe che, a dire del funzionario, la societ\u00e0 non abbia avviato l&#8217;attivit\u00e0 socio sanitaria, mentre ci risulta invece che la struttura \u00e8 funzionante sin dal primo giorno dell&#8217;affidamento, elemento centrale della D.G.C. 31 del 25.03.2013 e condizione essenziale della concessione d&#8217;uso dell&#8217;immobile. Tale presunta situazione ci lascia sconcertati. Siamo certi, che tutto questo disegno \u00e8 solo figlio di una gestione teatrale delle procedure di affidamento adottate dall&#8217;Ente a guida De Tommaso, che hanno portato ad un<strong> disastro giuridico-amministrativo<\/strong> e peseranno, non poco, sulle gi\u00e0 critiche condizioni finanziarie dell&#8217;Ente e potrebbero generare un danno erariale che pagherebbe l&#8217;intera comunit\u00e0.<\/p>\n<p>Per quanto sopra, ci chiediamo, inoltre, e su questo protocolleremo una nuova richiesta di accesso agli atti con cui chiederemo formalmente ogni singolo atto amministrativo, concernente l&#8217;iter di affidamento e gestione della struttura comunale, c<strong>ome sia stato possibile sottoscrivere il contratto con la cooperativa gestore del servizio<\/strong> <strong>senza volturare preventivamente l&#8217;autorizzazione al funzionamento<\/strong> tornata nelle mani del Sindaco in qualit\u00e0 di legale rappresentante dell&#8217;Ente, all&#8217;indomani della revoca comminata dal Responsabile dell&#8217;Ufficio di Piano dell&#8217;ATS Paola-Cetraro con Determinazione n. 102 del 15.06.2023 al vecchio gestore&#8221;?<\/p>\n<p>Nella stessa determina, infatti, si revoca l&#8217;Autorizzazione al funzionamento al vecchio gestore e si ripristina la titolarit\u00e0 giuridica in capo al Comune di San Lucido che avrebbe dovuto pertanto, successivamente volturarla al nuovo gestore. Cosa, quest&#8217;ultima, mai accaduta. Il Sindaco poteva procedere a nuovo affidamento, in presenza delle gravi carenze strutturali riscontrate dal gruppo tecnico e richiamate nella stessa determina, senza prima procedere ai lavori di adeguamento al fine di sanare le gravi carenze riscontrate?<\/p>\n<p>Ci\u00f2 significa che<strong> il nuovo gestore ha esercitato l&#8217;attivit\u00e0 socio assistenziale di natura residenziale &#8220;casa di riposo&#8221; verosimilmente in modo del tutto abusivo<\/strong>, in una struttura che ancora alla data odierna conserva gravi carenza strutturali, cosa che potrebbe arrecare enormi danni all&#8217;incolumit\u00e0 delle persone in essa presenti, tra cui: personale dipendente ed ospiti della medesima, nonch\u00e9 dei loro familiari, cosa ben nota all&#8217;amministrazione comunale, anche in virt\u00f9 della pubblicazione dell&#8217;elenco delle strutture socio assistenziali pubblicato dalla Regione Calabria con D.D.S. n. 11308 del 02.08.2024 con enormi responsabilit\u00e0 di natura giuridico-amministrativa dell&#8217;attuale compagine di governo del paese.<\/p>\n<p>Ennesima sconsiderata azione di mala gestione della cosa pubblica perpetrata ai danni non solo della societ\u00e0 gestore ma, soprattutto, dei <strong>dipendenti della struttura<\/strong>, evidentemente non tutelati dall&#8217;Amministrazione comunale. A tutti loro va il nostro pensiero e la <strong>nostra solidariet\u00e0<\/strong> per quanto accaduto, anche se \u00e8 ormai oltre un anno che denunciamo tutto ci\u00f2 nelle opportune sedi, al fine di evitare che quanto accaduto nei giorni scorsi, si verificasse e per contribuire alla risoluzione, ove mai fosse stato possibile, delle note problematiche. Il tutto, nella totale indifferenza del Sindaco De Tommaso, che non si \u00e8 limitato solo a lasciare inevasa anche l&#8217;ultima richiesta formale di accesso agli atti notificata dal gruppo Cambiare Si Pu\u00f2, a mezzo pec in data 15.04.2024 con cui chiedevamo copia dell&#8217;Autorizzazione al Funzionamento in capo al gestore della struttura &#8220;atto omissivo gravissimo&#8221; ma, ancor pi\u00f9 grave, nulla ha fatto per tutelare le famiglie che vivono di questo lavoro.<\/p>\n<p>Un disastro che vede altres\u00ec come soggetti colpiti al cuore gli ospiti della struttura, magari ignari di quanto sta accadendo, le loro famiglie che dovranno preoccuparsi di gestire l&#8217;ennesima emergenza familiare. Forse si dimentica che si tratta di <strong>persone fragili e<\/strong> su di loro l&#8217;attenzione dovrebbe essere massima in ogni senso. E&#8217; bastato un processo amministrativo gestionale sconsiderato per abbattere, in un sol colpo: persone fragili, dipendenti, cooperative sociali, bilancio dell&#8217;Ente. L&#8217;ennesimo accaduto porta a nuove profonde riflessioni su quale sar\u00e0 il futuro del nostro amato paese. Da parte nostra, continueremo incessantemente a lavorare per il bene di tutta la comunit\u00e0 Sanlucidana, nel rispetto del mandato che ci \u00e8 stato conferito dai nostri amati concittadini&#8221;.<\/p>\n","protected":false},"excerpt":{"rendered":"<p>SAN LUCIDO (CS) &#8211; &#8220;Apprendiamo, con disdegno, che nei giorni scorsi, il Responsabile dell&#8217;UTC del Comune di San Lucido, ha formalmente richiesto all&#8217;attuale gestore della struttura comunale &#8220;casa di riposo EX. ONPI&#8221; la riconsegna dei locali. Restiamo sconcertati da quanto sta accadendo nella nostra comunit\u00e0 relativamente a questa annosa vicenda, ancor pi\u00f9, dopo l&#8217;ultima notizia [&hellip;]<\/p>\n","protected":false},"author":58,"featured_media":245253,"comment_status":"closed","ping_status":"closed","sticky":false,"template":"","format":"standard","meta":{"_acf_changed":false,"footnotes":"","jetpack_publicize_message":"","jetpack_publicize_feature_enabled":true,"jetpack_social_post_already_shared":false,"jetpack_social_options":{"image_generator_settings":{"template":"highway","default_image_id":0,"font":"","enabled":false},"version":2}},"categories":[576],"tags":[19],"class_list":["post-245252","post","type-post","status-publish","format-standard","has-post-thumbnail","hentry","category-tirreno","tag-copertina"],"acf":[],"jetpack_publicize_connections":[],"_links":{"self":[{"href":"https:\/\/quicosenza.it\/news\/wp-json\/wp\/v2\/posts\/245252","targetHints":{"allow":["GET"]}}],"collection":[{"href":"https:\/\/quicosenza.it\/news\/wp-json\/wp\/v2\/posts"}],"about":[{"href":"https:\/\/quicosenza.it\/news\/wp-json\/wp\/v2\/types\/post"}],"author":[{"embeddable":true,"href":"https:\/\/quicosenza.it\/news\/wp-json\/wp\/v2\/users\/58"}],"replies":[{"embeddable":true,"href":"https:\/\/quicosenza.it\/news\/wp-json\/wp\/v2\/comments?post=245252"}],"version-history":[{"count":0,"href":"https:\/\/quicosenza.it\/news\/wp-json\/wp\/v2\/posts\/245252\/revisions"}],"wp:featuredmedia":[{"embeddable":true,"href":"https:\/\/quicosenza.it\/news\/wp-json\/wp\/v2\/media\/245253"}],"wp:attachment":[{"href":"https:\/\/quicosenza.it\/news\/wp-json\/wp\/v2\/media?parent=245252"}],"wp:term":[{"taxonomy":"category","embeddable":true,"href":"https:\/\/quicosenza.it\/news\/wp-json\/wp\/v2\/categories?post=245252"},{"taxonomy":"post_tag","embeddable":true,"href":"https:\/\/quicosenza.it\/news\/wp-json\/wp\/v2\/tags?post=245252"}],"curies":[{"name":"wp","href":"https:\/\/api.w.org\/{rel}","templated":true}]}}