{"id":246320,"date":"2024-12-06T13:00:15","date_gmt":"2024-12-06T12:00:15","guid":{"rendered":"https:\/\/www.quicosenza.it\/news\/?p=246320"},"modified":"2024-12-06T14:01:06","modified_gmt":"2024-12-06T13:01:06","slug":"congo-la-malattia-misteriosa-che-ha-gia-ucciso-79-giovani-litalia-alza-il-livello-dallerta","status":"publish","type":"post","link":"https:\/\/quicosenza.it\/news\/congo-la-malattia-misteriosa-che-ha-gia-ucciso-79-giovani-litalia-alza-il-livello-dallerta\/","title":{"rendered":"Congo, la malattia misteriosa che ha gi\u00e0 ucciso 79 giovani. l&#8217;Italia alza il livello d&#8217;allerta"},"content":{"rendered":"<p>ROMA &#8211; Congo, la malattia misteriosa <strong>che ha portato a oltre 70 decessi nella Repubblica democratica del Congo in poche settimane fa alzare il livello d&#8217;allerta anche in Italia<\/strong>. Con una lettera inviata dal ministero della Salute, si chiede alle <a href=\"https:\/\/www.salute.gov.it\/portale\/usmafsasn\/homeUsmafSasn.jsp\" target=\"_blank\" rel=\"noopener\">Usmaf<\/a> (gli Uffici di sanit\u00e0 marittima, aerea e di frontiera del ministero della Salute), &#8220;<strong>di fare attenzione su tutti i punti di ingresso, in particolare modo per i voli diretti provenienti dal paese<\/strong>&#8220;. Le autorit\u00e0 locali in stretta collaborazione con quelle internazionali &#8220;stano lavorando per <strong>verificare la situazione e fornire una risposta rapida ed efficace a questo nuovo focolaio epidemico<\/strong> che sta colpendo il paese, gi\u00e0 recentemente colpito dall&#8217;epidemia di mpox&#8221;.<\/p>\n<p>&#8220;Non siamo ancora in una situazione di allarme, che si avrebbe in caso di presenza di un elemento diagnostico nuovo. Se fosse chiaro che l&#8217;intera popolazione \u00e8 suscettibile e fosse conosciuta la m<strong>odalit\u00e0 di trasmissione (ad esempio per via aerea), allora ci\u00f2 costituirebbe un allarme<\/strong>. Ma al momento s<strong>i tratta di una situazione circoscritta in una zona ristretta,<\/strong> sicuramente molto grave per l&#8217;area interessata.\u00a0Non c&#8217;\u00e8 nessun allarme per l&#8217;Italia, ma le Usmaf &#8211; come accade in tempi di globalizzazione e di mobilit\u00e0 internazionale &#8211; hanno ricevuto la comunicazione su quanto sta accadendo in Congo e sugli eventuali sviluppi da parte delle autorit\u00e0 sanitarie internazionali.<\/p>\n<h3>Congo la malattia misteriosa che ha gi\u00e0 ucciso 79 giovani<\/h3>\n<p>Sono almeno <strong>79 persone sono morte a causa di una malattia sconosciuta<\/strong> che provoca<strong> sintomi simili all&#8217;influenza<\/strong> nella provincia di Kwango, nel sud-ovest della Repubblica democratica del Congo. Lo ha affermato il ministero della Salute in una nota, secondo cui <strong>la maggior parte delle persone decedute ha un&#8217;et\u00e0 compresa tra i 15 e i 18 anni.<\/strong> La Repubblica Democratica del Congo \u00e8 in<strong> &#8220;massima allerta&#8221;<\/strong> . A spiegarlo ministro della Difesa &#8220;Siamo in massima allerta, riten<strong><em>iamo che questo sia un livello di epidemia che dobbiamo monitorare<\/em><\/strong>&#8220;, ha sottolineato Samuel-Roger Kamba durante una conferenza stampa nella capitale Kinshasa.<strong> Il fenomeno descritto dalle autorit\u00e0 sanitarie come &#8220;un evento sconosciuto di sanit\u00e0 pubblica&#8221; \u00e8 attualmente localizzato nella regione di Panzi,<\/strong> circa 700 km a sud-est di Kinshasa&#8221;.<\/p>\n<p><a href=\"https:\/\/quicosenza.it\/news\/wp-content\/uploads\/2024\/12\/Congo2.jpg\"><img loading=\"lazy\" decoding=\"async\" class=\"wp-image-246329 aligncenter\" src=\"https:\/\/quicosenza.it\/news\/wp-content\/uploads\/2024\/12\/Congo2.jpg\" alt=\"Congo2\" width=\"518\" height=\"345\" title=\"\" srcset=\"https:\/\/quicosenza.it\/news\/wp-content\/uploads\/2024\/12\/Congo2.jpg 774w, https:\/\/quicosenza.it\/news\/wp-content\/uploads\/2024\/12\/Congo2-300x200.jpg 300w, https:\/\/quicosenza.it\/news\/wp-content\/uploads\/2024\/12\/Congo2-768x512.jpg 768w, https:\/\/quicosenza.it\/news\/wp-content\/uploads\/2024\/12\/Congo2-630x420.jpg 630w, https:\/\/quicosenza.it\/news\/wp-content\/uploads\/2024\/12\/Congo2-150x100.jpg 150w, https:\/\/quicosenza.it\/news\/wp-content\/uploads\/2024\/12\/Congo2-696x464.jpg 696w\" sizes=\"auto, (max-width: 518px) 100vw, 518px\" \/><\/a><\/p>\n<h3>I primi casi sono stati rilevati alla fine di ottobre<\/h3>\n<p><strong>&#8220;Nei centri sanitari a fine ottobre sono stati registrati 27 decessi<\/strong>. E con la valutazione effettuata dal primario di zona in comunit\u00e0, n<strong>e sono stati segnalati altri 44<\/strong>&#8220;, ha precisato il ministro, aggiungendo per\u00f2 che al momento &#8220;no<strong>n posso dire che sia collegato al fenomeno perch\u00e9 ci sono altre possibili cause<\/strong>&#8220;.\u00a0Nella remota regione di Panzi dove <strong>le infrastrutture sanitarie sono quasi inesistenti,<\/strong> la popolazione vive in una generale precariet\u00e0, soffrendo per la mancanza di accesso all&#8217;acqua potabile e ai medicinali. <strong>Il tasso di malnutrizione (61%) \u00e8 tra i pi\u00f9 alti del Paese,<\/strong> ha sottolineato il ministro, ricordando che gi\u00e0 due anni fa la regione era stata colpita da una grave epidemia di febbre tifoide.<\/p>\n<h3>Il 40% dei colpiti sono bambini sotto i 5 anni<\/h3>\n<p>Secondo i primi dati disponibili, l<strong>a misteriosa malattia colpisce soprattutto i pi\u00f9 piccoli, con il 40% dei casi che coinvolge bambini sotto i cinque anni<\/strong>. I sintomi sono simili a quelli dell&#8217;influenza: febbre, tosse e mal di testa. Gli specialisti hanno gi\u00e0 concluso che si tratta di una malattia che colpisce l&#8217;apparato respiratorio ma <strong>hanno escluso il <a href=\"https:\/\/quicosenza.it\/news\/area-urbana\/reazioni-avverse-e-vaccini-anti-covid-testimonianze-a-rende-ho-3-figli-ma-non-riesco-piu-a-lavorare\" target=\"_blank\" rel=\"noopener\">Covid<\/a><\/strong>.<\/p>\n<p><a href=\"https:\/\/quicosenza.it\/news\/wp-content\/uploads\/2022\/12\/tamponi-covid-28.jpg\"><img loading=\"lazy\" decoding=\"async\" class=\"wp-image-175835 aligncenter\" src=\"https:\/\/quicosenza.it\/news\/wp-content\/uploads\/2022\/12\/tamponi-covid-28.jpg\" alt=\"\" width=\"473\" height=\"293\" title=\"\" srcset=\"https:\/\/quicosenza.it\/news\/wp-content\/uploads\/2022\/12\/tamponi-covid-28.jpg 970w, https:\/\/quicosenza.it\/news\/wp-content\/uploads\/2022\/12\/tamponi-covid-28-300x186.jpg 300w, https:\/\/quicosenza.it\/news\/wp-content\/uploads\/2022\/12\/tamponi-covid-28-768x475.jpg 768w\" sizes=\"auto, (max-width: 473px) 100vw, 473px\" \/><\/a><\/p>\n<h3>Rezza &#8220;malattia limitata aspettiamo i dati&#8221;<\/h3>\n<p><strong>Giovanni Rezza,<\/strong> professore di igiene e sanit\u00e0 pubblica presso l&#8217;Universit\u00e0 Vita-Salute San Raffaele di Milano, gi\u00e0 dirigente di ricerca dell&#8217;Iss, spiega cosa sta accadendo rispetto alla misteriosa m<strong>alattia che ha causato oltre 140 vittime in poco pi\u00f9 di un mese<\/strong> nel sud-ovest della Repubblica Democratica del Cingo (RdC).\u00a0&#8220;Non siamo ancora in una situazione di allarme, che si avrebbe in caso di presenza di un elemento diagnostico nuovo. Se fosse chiaro che l&#8217;intera popolazione \u00e8 suscettibile e fosse conosciuta la modalit\u00e0 di trasmissione (ad esempio per via aerea), allora ci\u00f2 costituirebbe un allarme. M<strong>a al momento si tratta di una situazione circoscritta in una zona ristretta<\/strong>, sicuramente molto grave per l&#8217;area interessata. La letalit\u00e0 appare molto alta, circa un terzo sulle oltre 370 persone colpite. Ricorda quanto si osserva per la febbre emorragica, ma i sintomi sono molto diversi&#8221;.<\/p>\n","protected":false},"excerpt":{"rendered":"<p>ROMA &#8211; Congo, la malattia misteriosa che ha portato a oltre 70 decessi nella Repubblica democratica del Congo in poche settimane fa alzare il livello d&#8217;allerta anche in Italia. Con una lettera inviata dal ministero della Salute, si chiede alle Usmaf (gli Uffici di sanit\u00e0 marittima, aerea e di frontiera del ministero della Salute), &#8220;di [&hellip;]<\/p>\n","protected":false},"author":55,"featured_media":246323,"comment_status":"closed","ping_status":"closed","sticky":false,"template":"","format":"standard","meta":{"_acf_changed":false,"footnotes":"","jetpack_publicize_message":"","jetpack_publicize_feature_enabled":true,"jetpack_social_post_already_shared":false,"jetpack_social_options":{"image_generator_settings":{"template":"highway","default_image_id":0,"font":"","enabled":false},"version":2}},"categories":[22],"tags":[19],"class_list":["post-246320","post","type-post","status-publish","format-standard","has-post-thumbnail","hentry","category-dal-mondo","tag-copertina"],"acf":[],"jetpack_publicize_connections":[],"_links":{"self":[{"href":"https:\/\/quicosenza.it\/news\/wp-json\/wp\/v2\/posts\/246320","targetHints":{"allow":["GET"]}}],"collection":[{"href":"https:\/\/quicosenza.it\/news\/wp-json\/wp\/v2\/posts"}],"about":[{"href":"https:\/\/quicosenza.it\/news\/wp-json\/wp\/v2\/types\/post"}],"author":[{"embeddable":true,"href":"https:\/\/quicosenza.it\/news\/wp-json\/wp\/v2\/users\/55"}],"replies":[{"embeddable":true,"href":"https:\/\/quicosenza.it\/news\/wp-json\/wp\/v2\/comments?post=246320"}],"version-history":[{"count":0,"href":"https:\/\/quicosenza.it\/news\/wp-json\/wp\/v2\/posts\/246320\/revisions"}],"wp:featuredmedia":[{"embeddable":true,"href":"https:\/\/quicosenza.it\/news\/wp-json\/wp\/v2\/media\/246323"}],"wp:attachment":[{"href":"https:\/\/quicosenza.it\/news\/wp-json\/wp\/v2\/media?parent=246320"}],"wp:term":[{"taxonomy":"category","embeddable":true,"href":"https:\/\/quicosenza.it\/news\/wp-json\/wp\/v2\/categories?post=246320"},{"taxonomy":"post_tag","embeddable":true,"href":"https:\/\/quicosenza.it\/news\/wp-json\/wp\/v2\/tags?post=246320"}],"curies":[{"name":"wp","href":"https:\/\/api.w.org\/{rel}","templated":true}]}}