{"id":247748,"date":"2024-12-26T11:22:13","date_gmt":"2024-12-26T10:22:13","guid":{"rendered":"https:\/\/www.quicosenza.it\/news\/?p=247748"},"modified":"2024-12-26T11:22:13","modified_gmt":"2024-12-26T10:22:13","slug":"cosenza-al-telesio-il-club-della-filosofia-uno-spazio-autogestisto-da-studenti","status":"publish","type":"post","link":"https:\/\/quicosenza.it\/news\/cosenza-al-telesio-il-club-della-filosofia-uno-spazio-autogestisto-da-studenti\/","title":{"rendered":"Cosenza, al &#8216;Telesio&#8217; il club della filosofia: uno spazio autogestisto da studenti"},"content":{"rendered":"<p>COSENZA &#8211; Uno spazio autogestito da una cinquantina di studenti che periodicamente disquisiscono su temi vicini al loro tempo e al loro sentire. Si recupera cos\u00ec il vero senso di una disciplina che vuole interrogare e porta ad interrogarsi e soprattutto che mette in comunicazione le persone nel modo pi\u00f9 corretto e rispettoso della sacralit\u00e0 del pensiero, in quanto prodotto pi\u00f9 elevato della mente dell\u2019uomo. \u201cSeppure non si condividono \u00e8 importante conoscere e rispettare le ragioni dell\u2019altro\u201d ha sottolineato il <strong>Dirigente scolastico Domenico de Luca<\/strong>\u00a0il quale si \u00e8 detto \u201cpiacevolmente sorpreso di come questo primo cenacolo telesiano sin da subito abbia mostrato la capacit\u00e0 dei suoi membri di conversare su temi alti e con modalit\u00e0 di ascolto ed intervento fortemente inclusive e partecipative\u201d.<\/p>\n<p>Ad ideare questo club lo studente <strong>Francesco Palma della VE<\/strong>: \u201cvolevo creare un gruppo di studenti che avesse la volont\u00e0 di esprimersi liberamente entrando in connessione con altri studenti che avessero la stessa volont\u00e0 di espressione libera su diversi temi filosofici, lo trovo uno dei modi migliori e pi\u00f9 belli per conoscersi davvero\u201d. Nell\u2019auspicare che altri studenti del triennio possano entrare a farvi parte Palma ha spiegato come \u201cquesto club di filosofia sia trasversale al mondo dell\u2019arte e della cultura. Tant\u2019\u00e8 che l\u2019incontro di mercoled\u00ec 18 dicembre, affrontando il tema della spontaneit\u00e0 e dell\u2019essere se stessi, ha spaziato dal cinema alla musica; ha preso infatti inizio dal film \u201cInside out 2\u201d per introdurre il concetto dell\u2019identit\u00e0, per poi passare ad un celebre passo di Seneca in cui \u00e8 espressa la bellezza di essere s\u00e9 stessi, per arrivare a ricollegarsi ad una canzone di Lady Gaga \u201cborn this way\u201d, in cui si rende al meglio l\u2019idea di quanto sia bello essere noi stessi e di come ci voglia coraggio per farlo, considerata la costante pressione sociale che impedisce spesso di esprimersi liberamente\u201d.<\/p>\n<p><strong>Giulia Mercurio, 3a Europeo<\/strong>, ha paragonato il primo incontro del club di filosofia, ai ragazzi dell\u2019Attimo Fuggente: \u201cIn biblioteca \u00e8 stato veramente molto stimolante discutere tutti insieme della spontaneit\u00e0, ci ha permesso di allargare i nostri orizzonti. Inoltre il fatto di essere tra compagni e coetanei ha aiutato chi fa pi\u00f9 difficolt\u00e0 a parlare in pubblico ad esprimere la propria opinione serenamente\u201d.<\/p>\n<p><strong>Giulia Muoio, 3a Cambridge<\/strong>\u00a0ha rivolto \u201cun grande ringraziamento a Francesco Palma per aver avuto la splendida idea di dare inizio a questa esperienza di cui si aveva tutti bisogno per conoscere meglio i propri compagni e se stessi. Stare tutti insieme seduti in cerchio a scambiarci idee e opinioni, la semplicit\u00e0 con cui chiunque si \u00e8 espresso, senza toni formali o inutili etichette, ha fatto s\u00ec che tutti si sentissero a proprio agio. \u00c8 stato un momento di condivisione, ma anche di ascolto e soprattutto di grande riflessione, non vedo l&#8217;ora di partecipare al prossimo incontro!\u201d<\/p>\n<p>E s\u00ec! Perch\u00e9 si \u00e8 gi\u00e0 deciso il tema di cui parlare al secondo appuntamento, come spesso capita tirando fuori pensieri e idee si d\u00e0 origine a qualcosa di nuovo che finisce per rimanere in sospeso e in attesa di essere ridiscusso.<\/p>\n","protected":false},"excerpt":{"rendered":"<p>COSENZA &#8211; Uno spazio autogestito da una cinquantina di studenti che periodicamente disquisiscono su temi vicini al loro tempo e al loro sentire. Si recupera cos\u00ec il vero senso di una disciplina che vuole interrogare e porta ad interrogarsi e soprattutto che mette in comunicazione le persone nel modo pi\u00f9 corretto e rispettoso della sacralit\u00e0 [&hellip;]<\/p>\n","protected":false},"author":58,"featured_media":247749,"comment_status":"closed","ping_status":"closed","sticky":false,"template":"","format":"standard","meta":{"_acf_changed":false,"footnotes":"","jetpack_publicize_message":"","jetpack_publicize_feature_enabled":true,"jetpack_social_post_already_shared":false,"jetpack_social_options":{"image_generator_settings":{"template":"highway","default_image_id":0,"font":"","enabled":false},"version":2}},"categories":[563,42],"tags":[],"class_list":["post-247748","post","type-post","status-publish","format-standard","has-post-thumbnail","hentry","category-area-urbana","category-cosenza"],"acf":[],"jetpack_publicize_connections":[],"_links":{"self":[{"href":"https:\/\/quicosenza.it\/news\/wp-json\/wp\/v2\/posts\/247748","targetHints":{"allow":["GET"]}}],"collection":[{"href":"https:\/\/quicosenza.it\/news\/wp-json\/wp\/v2\/posts"}],"about":[{"href":"https:\/\/quicosenza.it\/news\/wp-json\/wp\/v2\/types\/post"}],"author":[{"embeddable":true,"href":"https:\/\/quicosenza.it\/news\/wp-json\/wp\/v2\/users\/58"}],"replies":[{"embeddable":true,"href":"https:\/\/quicosenza.it\/news\/wp-json\/wp\/v2\/comments?post=247748"}],"version-history":[{"count":0,"href":"https:\/\/quicosenza.it\/news\/wp-json\/wp\/v2\/posts\/247748\/revisions"}],"wp:featuredmedia":[{"embeddable":true,"href":"https:\/\/quicosenza.it\/news\/wp-json\/wp\/v2\/media\/247749"}],"wp:attachment":[{"href":"https:\/\/quicosenza.it\/news\/wp-json\/wp\/v2\/media?parent=247748"}],"wp:term":[{"taxonomy":"category","embeddable":true,"href":"https:\/\/quicosenza.it\/news\/wp-json\/wp\/v2\/categories?post=247748"},{"taxonomy":"post_tag","embeddable":true,"href":"https:\/\/quicosenza.it\/news\/wp-json\/wp\/v2\/tags?post=247748"}],"curies":[{"name":"wp","href":"https:\/\/api.w.org\/{rel}","templated":true}]}}