{"id":247861,"date":"2024-12-27T16:03:33","date_gmt":"2024-12-27T15:03:33","guid":{"rendered":"https:\/\/www.quicosenza.it\/news\/?p=247861"},"modified":"2024-12-27T16:03:33","modified_gmt":"2024-12-27T15:03:33","slug":"alta-velocita-caruso-scrive-a-mattarella-infrastruttura-indispensabile-per-la-calabria","status":"publish","type":"post","link":"https:\/\/quicosenza.it\/news\/alta-velocita-caruso-scrive-a-mattarella-infrastruttura-indispensabile-per-la-calabria\/","title":{"rendered":"Alta Velocit\u00e0, Caruso scrive a Mattarella: &#8220;Infrastruttura indispensabile per la Calabria&#8221;"},"content":{"rendered":"<p>COSENZA &#8211; Il <strong>sindaco Franz Caruso<\/strong> ha chiesto al<strong> Presidente della Repubblica, On. Sergio Mattarella<\/strong>, <strong>un intervento urgente a favore della realizzazione dell&#8217;Alta Velocit\u00e0 ferroviaria Salerno-Reggio Calabria<\/strong>, ritenendo l&#8217;infrastruttura indispensabile per lo sviluppo della Calabria, del Mezzogiorno e del Paese. L&#8217;istanza \u00e8 stata formulate dal sindaco Franz Caruso in una accorata lettera, non solo nella sua qualit\u00e0 di Primo Cittadino di Cosenza, ma anche in nome e per conto del Comitato tecnico\/politico, composto da numerosi altri Sindaci e Amministratori locali, nonch\u00e9 da tecnici competenti in materia ferroviaria e Docenti Universitari di riconosciuto prestigio, anche loro interessati a promuovere la realizzazione dell&#8217;AV Salerno- Reggio Calabria.<\/p>\n<p>&#8220;Per come da Lei sostenuto, Signor Presidente &#8211; scrive Franz Caruso nella missiva indirizzata al Capo dello Stato &#8211; in occasione della seconda edizione della Fiera Let Expo, anche io sono fermamente persuaso che il settore della mobilit\u00e0, dei trasporti e della logistica &#8220;\u00e8 elemento essenziale nella crescita&#8221;. In Calabria, per\u00f2, questo comparto versa in forte criticit\u00e0 per via di un <strong>obsoleto sistema di collegamenti infrastrutturali che si<\/strong> identificano non solo con la E90<strong> (SS106 ionica) conosciuta come la &#8220;Strada della Morte&#8221;,<\/strong> ma anche con le trasversali di collegamento strategico dei due litorali con l&#8217;A2. Soprattutto, per\u00f2, la nostra Calabria ha impellente necessit\u00e0 di vedere realizzata e completata una <strong>nuova linea ferroviaria AV Salerno- Reggio Calabria<\/strong>.<\/p>\n<p>Quest&#8217; opera, che ricucirebbe finalmente l&#8217;Italia,<strong> era stata gi\u00e0 decisa e finanziata nel 2021 con oltre 9 miliardi di euro<\/strong> rinvenienti dal Fondo Complementare, ma che <strong>sembra sparita dai programmi del governo e di Fs, nonostante lo studio di fattibilit\u00e0 elaborato di recente dalle stesse RFI e costato ben 30 Milioni di euro.<\/strong> Oggi, infatti, si parla di <strong>nuove proposte progettuali di cui non c&#8217;\u00e8 traccia<\/strong> sui documenti ufficiali, che andrebbero nuovamente a<strong> penalizzare<\/strong> gran parte dei cittadini calabresi, s<strong>pecie sul versante ionico della provincia cosentina con ferrovie ancora non elettrificate<\/strong> e che ci portano a dubitare della concreta volont\u00e0 di conseguire l&#8217;AV anche in Calabria. Ci\u00f2 in quanto sono convinto che non si possa rinunciare all&#8217;Alta velocit\u00e0 che attraversi un percorso interno e che metta a sistema le localit\u00e0 principali del territorio per valorizzare peculiarit\u00e0 e caratteristiche, ma che sia anche il pi\u00f9 possibile baricentrico tra la fascia ionica e tirrenica, essenziale per ricucire in modo stabile l&#8217;estremo sud del paese con il contesto europeo e nazionale. Inutile evidenziare che lo stesso Ponte sullo Stretto, senza una linea ferroviaria ad Alta Velocit\u00e0 di ultima generazione, verrebbe fortemente depotenziato e depauperato, sia sotto il profilo strategico che trasportistico.<\/p>\n<p>&#8220;Signor Presidente- conclude Franz Caruso &#8211; l&#8217;Alta Velocit\u00e0 ferroviaria \u00e8 indispensabile per modernizzare e rendere competitiva la Calabria che, grazie alla posizione geografica che ricopre nel Mediterraneo, pu\u00f2 aspirare legittimamente ad essere protagonista nei rapporti euro-mediterranei, sfruttando i nuovi assetti economici che si stanno delineando verso l&#8217;Africa ed il Medio-Oriente. In modo veramente accorato, Le chiedo, pertanto, di sostenere questa nostra giusta velleit\u00e0 di crescita e di progresso,<strong> scongiurando che siano dirottate altrove le gi\u00e0 insufficienti risorse messe a disposizione<\/strong> e che, anzi, venga fin d&#8217;ora programmato un piano di finanziamento pluriennale che consenta nei tempi tecnici strettamente necessari di realizzare l&#8217;opera&#8221;. Una lettera del medesimo tenore il sindaco Franz Caruso l&#8217;ha indirizzata anche al Presidente del Consiglio dei Ministri, <strong>Giorgia Meloni,<\/strong> ed al Ministro alle Infrastrutture e Trsporti, <strong>Matteo Salvini.<\/strong><\/p>\n","protected":false},"excerpt":{"rendered":"<p>COSENZA &#8211; Il sindaco Franz Caruso ha chiesto al Presidente della Repubblica, On. Sergio Mattarella, un intervento urgente a favore della realizzazione dell&#8217;Alta Velocit\u00e0 ferroviaria Salerno-Reggio Calabria, ritenendo l&#8217;infrastruttura indispensabile per lo sviluppo della Calabria, del Mezzogiorno e del Paese. L&#8217;istanza \u00e8 stata formulate dal sindaco Franz Caruso in una accorata lettera, non solo nella [&hellip;]<\/p>\n","protected":false},"author":58,"featured_media":218608,"comment_status":"closed","ping_status":"closed","sticky":false,"template":"","format":"standard","meta":{"_acf_changed":false,"footnotes":"","jetpack_publicize_message":"","jetpack_publicize_feature_enabled":true,"jetpack_social_post_already_shared":false,"jetpack_social_options":{"image_generator_settings":{"template":"highway","default_image_id":0,"font":"","enabled":false},"version":2}},"categories":[563],"tags":[19],"class_list":["post-247861","post","type-post","status-publish","format-standard","has-post-thumbnail","hentry","category-area-urbana","tag-copertina"],"acf":[],"jetpack_publicize_connections":[],"_links":{"self":[{"href":"https:\/\/quicosenza.it\/news\/wp-json\/wp\/v2\/posts\/247861","targetHints":{"allow":["GET"]}}],"collection":[{"href":"https:\/\/quicosenza.it\/news\/wp-json\/wp\/v2\/posts"}],"about":[{"href":"https:\/\/quicosenza.it\/news\/wp-json\/wp\/v2\/types\/post"}],"author":[{"embeddable":true,"href":"https:\/\/quicosenza.it\/news\/wp-json\/wp\/v2\/users\/58"}],"replies":[{"embeddable":true,"href":"https:\/\/quicosenza.it\/news\/wp-json\/wp\/v2\/comments?post=247861"}],"version-history":[{"count":0,"href":"https:\/\/quicosenza.it\/news\/wp-json\/wp\/v2\/posts\/247861\/revisions"}],"wp:featuredmedia":[{"embeddable":true,"href":"https:\/\/quicosenza.it\/news\/wp-json\/wp\/v2\/media\/218608"}],"wp:attachment":[{"href":"https:\/\/quicosenza.it\/news\/wp-json\/wp\/v2\/media?parent=247861"}],"wp:term":[{"taxonomy":"category","embeddable":true,"href":"https:\/\/quicosenza.it\/news\/wp-json\/wp\/v2\/categories?post=247861"},{"taxonomy":"post_tag","embeddable":true,"href":"https:\/\/quicosenza.it\/news\/wp-json\/wp\/v2\/tags?post=247861"}],"curies":[{"name":"wp","href":"https:\/\/api.w.org\/{rel}","templated":true}]}}