{"id":247986,"date":"2024-12-30T12:52:09","date_gmt":"2024-12-30T11:52:09","guid":{"rendered":"https:\/\/www.quicosenza.it\/news\/?p=247986"},"modified":"2024-12-30T17:35:40","modified_gmt":"2024-12-30T16:35:40","slug":"il-capodanno-di-rai-1-celebra-la-calabria-sul-palco-diodato-alex-britti-arisa-i-ricchi-e-poveri-ecco-il-cast","status":"publish","type":"post","link":"https:\/\/quicosenza.it\/news\/il-capodanno-di-rai-1-celebra-la-calabria-sul-palco-diodato-alex-britti-arisa-i-ricchi-e-poveri-ecco-il-cast\/","title":{"rendered":"Il Capodanno di Rai 1 celebra la Calabria. Sul palco Diodato, Alex Britti, Arisa, i Ricchi e Poveri: ecco il Cast"},"content":{"rendered":"<p>REGGIO CALABRIA &#8211; Ancora una volta sar\u00e0 la<strong> Calabria protagonista con &#8220;L&#8217;Anno che verr\u00e0&#8221;<\/strong> l&#8217;appuntamento musicale che <strong>porter\u00e0 gli italiani nel nuovo anno tra cantanti, musica, balli e canzoni<\/strong>. Una nuova edizione che vedr\u00e0 alla guida <strong>Marco Liorni e sar\u00e0 trasmessa in diretta su RAI 1 in TV<\/strong> ma anche<strong> su Radio 1 <\/strong>con uno speciale condotto\u00a0da Marcella Sullo, Duccio Pasqua e John Vignola<strong>, all&#8217;estero in diretta su Rai Italia e in simulcast su RaiPlay<\/strong>. Tutto dalla bellissima location del <strong>lungomare \u201cItalo Falcomat\u00e0\u201d<\/strong> di <a href=\"https:\/\/quicosenza.it\/news\/calabria\/sara-reggio-calabria-ad-ospitare-il-capodanno-rai-con-lanno-che-verra-lannuncio\" target=\"_blank\" rel=\"noopener\">Reggio Calabria<\/a>. Un evento realizzato in collaborazione con <strong>Fondazione Calabria Film Commission, Regione Calabria e Citt\u00e0 di Reggio Calabria<\/strong>.<\/p>\n<p>Questa mattina la presentazione dell&#8217;evento nel suggestivo scenario del museo archeologico nazionale di Reggio Calabria.<strong> Nel corso della serata saranno mandati in onda 5 filmati sulla Calabria.\u00a0<\/strong>Un grandissimo spettacolo musicale e di intrattenimento, come ha evidenziato la Rai, che <strong>per organizzazione \u00e8 secondo solo al Festival di Sanremo e vedr\u00e0 esibirsi sul palco tantissimi cantanti e band ma anche comici e ballerini<\/strong> per salutare il 2024 e guidare gli italiani al 2025.<\/p>\n<p><a href=\"https:\/\/quicosenza.it\/news\/wp-content\/uploads\/2024\/12\/Marco-Liorni.jpg\"><img loading=\"lazy\" decoding=\"async\" class=\"wp-image-247991 aligncenter\" src=\"https:\/\/quicosenza.it\/news\/wp-content\/uploads\/2024\/12\/Marco-Liorni.jpg\" alt=\"\" width=\"501\" height=\"310\" title=\"\" srcset=\"https:\/\/quicosenza.it\/news\/wp-content\/uploads\/2024\/12\/Marco-Liorni.jpg 970w, https:\/\/quicosenza.it\/news\/wp-content\/uploads\/2024\/12\/Marco-Liorni-300x186.jpg 300w, https:\/\/quicosenza.it\/news\/wp-content\/uploads\/2024\/12\/Marco-Liorni-768x475.jpg 768w, https:\/\/quicosenza.it\/news\/wp-content\/uploads\/2024\/12\/Marco-Liorni-679x420.jpg 679w, https:\/\/quicosenza.it\/news\/wp-content\/uploads\/2024\/12\/Marco-Liorni-150x93.jpg 150w, https:\/\/quicosenza.it\/news\/wp-content\/uploads\/2024\/12\/Marco-Liorni-696x431.jpg 696w, https:\/\/quicosenza.it\/news\/wp-content\/uploads\/2024\/12\/Marco-Liorni-356x220.jpg 356w\" sizes=\"auto, (max-width: 501px) 100vw, 501px\" \/><\/a><\/p>\n<h3>Marco Liorni alla guida: ecco il cast<\/h3>\n<p>Marco Liorni guider\u00e0 dal palco cantanti e comici durante le 4 ore di evento. Il presentatore che succede ad Amadeus ha svelato una parte del cast che si esibir\u00e0 domani sera &#8220;<strong><em>sono molto emozionato per un appuntamento che si svolger\u00e0 in una location bellissima<\/em><\/strong>. \u00c8 una festa carica di emozioni con un&#8217;esplosione di musica con un lavoro enorme per il Cast. Artisti di altissimi livello ha detto Liorni.<strong> Aprir\u00e0 Diodato<\/strong> poi in ordine sparso<strong> i Ricchi e Poveri, Anna Oxa, Arisa, J-Ax, Patty Pravo, Cristiano Malgioglio, Big Mama, Sal Da Vinci, Nino Frassica, Donatella Rettore, Clementino, Romina Power, Ermal Meta, Alex Britti, Leo Gassmann, Sandy Marton, Los Locos, , Alma Manera, Agostino Penna e tanti altri<\/strong>. Ci sar\u00e0 <strong>un omaggio a Mino Reitano<\/strong>. <strong>L&#8217;orchestra \u00e8 una garanzia e sar\u00e0 diretta del maestro Stefano Palatresi <\/strong>che suoner\u00e0 dal vivo i pi\u00f9 grandi successi del presente e del passato.<\/p>\n<p>Lo spettacolo dell\u2019ultimo dell\u2019anno in diretta su Rai 1 sar\u00e0 animato anche da un vivace corpo di ballo che render\u00e0 ancora pi\u00f9 suggestiva ed emozionante l\u2019atmosfera. <strong>La Scena \u00e8 di Marco Calzavara.\u00a0La regia \u00e8 di Stefano Mignucci<\/strong>.\u00a0In questo ideale \u201ctempo senza tempo\u201d che \u00e8 il Capodanno, \u201cL\u2019Anno che Verr\u00e0\u201d vuole essere soprattutto una festa capace di unire generazioni diverse attraverso l\u2019emozione della musica e dei ricordi.<\/p>\n<p><a href=\"https:\/\/quicosenza.it\/news\/wp-content\/uploads\/2024\/12\/Capodanno-Rai-Reggio.jpg\"><img loading=\"lazy\" decoding=\"async\" class=\"wp-image-247992 aligncenter\" src=\"https:\/\/quicosenza.it\/news\/wp-content\/uploads\/2024\/12\/Capodanno-Rai-Reggio.jpg\" alt=\"\" width=\"496\" height=\"308\" title=\"\" srcset=\"https:\/\/quicosenza.it\/news\/wp-content\/uploads\/2024\/12\/Capodanno-Rai-Reggio.jpg 980w, https:\/\/quicosenza.it\/news\/wp-content\/uploads\/2024\/12\/Capodanno-Rai-Reggio-300x186.jpg 300w, https:\/\/quicosenza.it\/news\/wp-content\/uploads\/2024\/12\/Capodanno-Rai-Reggio-768x476.jpg 768w, https:\/\/quicosenza.it\/news\/wp-content\/uploads\/2024\/12\/Capodanno-Rai-Reggio-677x420.jpg 677w, https:\/\/quicosenza.it\/news\/wp-content\/uploads\/2024\/12\/Capodanno-Rai-Reggio-150x93.jpg 150w, https:\/\/quicosenza.it\/news\/wp-content\/uploads\/2024\/12\/Capodanno-Rai-Reggio-696x432.jpg 696w, https:\/\/quicosenza.it\/news\/wp-content\/uploads\/2024\/12\/Capodanno-Rai-Reggio-356x220.jpg 356w\" sizes=\"auto, (max-width: 496px) 100vw, 496px\" \/><\/a><\/p>\n<h3>Occhiuto &#8220;vetrina che restituisce all&#8217;Italia una meravigliosa Calabria&#8221;<\/h3>\n<p>Il Governatore Occhiuto ha parlato di un evento vetrina &#8220;<strong>la Calabria \u00e8 una regione straordinaria e grazie alla RAI l&#8217;abbiamo fatta conoscere a milioni di italiani<\/strong>. L&#8217;accordo stipulato con la RAI prevede 50 spazi in 50 produzioni in cui si parla di<strong> storia, borghi, cultura e traduzioni<\/strong>. Sommando gli ascolti abbiamo fatto entrare nelle case degli italiani la nostra regione per 100 milioni di volte. Il Capodanno \u00e8 un&#8217;iniziativa di straordinaria importanza perch\u00e9 mette in vetrina una regione ma<strong> soprattutto una citt\u00e0 che cresce come dimostrano i dati sull&#8217;aeroporto<\/strong> ma anche una citt\u00e0 che \u00e8 sede del Museo Nazionale con i nostri meravigliosi bronzi di Riace. Crediamo molto nel Capodanno. Lo scorso anno a <a href=\"https:\/\/quicosenza.it\/news\/calabria\/lanno-che-verra-il-capodanno-rai-di-crotone-visto-da-62-milioni-di-italiani-share-del-401\" target=\"_blank\" rel=\"noopener\">Crotone<\/a> <strong>\u00e8 stato un successo ma sono sicuro che quest&#8217;anno faremo ancora meglio.<\/strong> Grande novit\u00e0 nella conduzione che vedr\u00e0 al timone di <strong>Marco Liorni e sono felice che la Rai<\/strong> lo abbia scelto. Voglio ringraziare tutte le persone che hanno e che stanno lavorando affinch\u00e9 domani si svolga questa bellissima festa che restituir\u00e0 all&#8217;Italia una Calabria migliore&#8221;.<\/p>\n<p><a href=\"https:\/\/quicosenza.it\/news\/wp-content\/uploads\/2024\/12\/anno-Che-verra.jpg\"><img loading=\"lazy\" decoding=\"async\" class=\"wp-image-247989 aligncenter\" src=\"https:\/\/quicosenza.it\/news\/wp-content\/uploads\/2024\/12\/anno-Che-verra.jpg\" alt=\"\" width=\"531\" height=\"329\" title=\"\" srcset=\"https:\/\/quicosenza.it\/news\/wp-content\/uploads\/2024\/12\/anno-Che-verra.jpg 970w, https:\/\/quicosenza.it\/news\/wp-content\/uploads\/2024\/12\/anno-Che-verra-300x186.jpg 300w, https:\/\/quicosenza.it\/news\/wp-content\/uploads\/2024\/12\/anno-Che-verra-768x475.jpg 768w, https:\/\/quicosenza.it\/news\/wp-content\/uploads\/2024\/12\/anno-Che-verra-679x420.jpg 679w, https:\/\/quicosenza.it\/news\/wp-content\/uploads\/2024\/12\/anno-Che-verra-150x93.jpg 150w, https:\/\/quicosenza.it\/news\/wp-content\/uploads\/2024\/12\/anno-Che-verra-696x431.jpg 696w, https:\/\/quicosenza.it\/news\/wp-content\/uploads\/2024\/12\/anno-Che-verra-356x220.jpg 356w\" sizes=\"auto, (max-width: 531px) 100vw, 531px\" \/><\/a><\/p>\n<p><strong>Il sindaco Falcomat\u00e0 ha ringraziato Occhiuto per aver scelto Reggio Calabria<\/strong> &#8220;siamo felici di vederti qui dopo l&#8217;operazione che hai avuto. La citt\u00e0 si prepara con grande gioia, energia ed entusiasmo. <strong>Ma anche con consapevolezza per prepararsi ad un evento che \u00e8 una vetrina nazionale e internazionale.<\/strong> Il concerto di Capodanno \u00e8 il punto della programmazione natalizia della citt\u00e0 di Reggio Calabria. Anche io voglio ringraziare tutte le persone che stanno lavorando anche dal punto di vista della sicurezza, dei trasporti e della viabilit\u00e0 per garantire un evento bellissimo&#8221;.<\/p>\n<p>Sergio Santo Rai Com ha parlato dell&#8217;accordo con la Calabria <strong>&#8220;sono orgoglioso di questo accordo tra la RAI e la Regione Calabria che sta portando grandissimi risultati a questa regione che merita di essere valorizzata<\/strong>. La serata di domani \u00e8 la punta di diamante ma come ha giustamente evidenziato Occhiuto, \u00e8 un accordo che garantisce visibilit\u00e0 e servizio pubblico con tantissime produzioni culturali e di territorio. Non posso che augurarmi che domani sia una serata di festa e di musica&#8221;.<\/p>\n","protected":false},"excerpt":{"rendered":"<p>REGGIO CALABRIA &#8211; Ancora una volta sar\u00e0 la Calabria protagonista con &#8220;L&#8217;Anno che verr\u00e0&#8221; l&#8217;appuntamento musicale che porter\u00e0 gli italiani nel nuovo anno tra cantanti, musica, balli e canzoni. Una nuova edizione che vedr\u00e0 alla guida Marco Liorni e sar\u00e0 trasmessa in diretta su RAI 1 in TV ma anche su Radio 1 con uno [&hellip;]<\/p>\n","protected":false},"author":55,"featured_media":247988,"comment_status":"closed","ping_status":"closed","sticky":false,"template":"","format":"standard","meta":{"_acf_changed":false,"footnotes":"","jetpack_publicize_message":"","jetpack_publicize_feature_enabled":true,"jetpack_social_post_already_shared":false,"jetpack_social_options":{"image_generator_settings":{"template":"highway","default_image_id":0,"font":"","enabled":false},"version":2}},"categories":[17],"tags":[19],"class_list":["post-247986","post","type-post","status-publish","format-standard","has-post-thumbnail","hentry","category-calabria","tag-copertina"],"acf":[],"jetpack_publicize_connections":[],"_links":{"self":[{"href":"https:\/\/quicosenza.it\/news\/wp-json\/wp\/v2\/posts\/247986","targetHints":{"allow":["GET"]}}],"collection":[{"href":"https:\/\/quicosenza.it\/news\/wp-json\/wp\/v2\/posts"}],"about":[{"href":"https:\/\/quicosenza.it\/news\/wp-json\/wp\/v2\/types\/post"}],"author":[{"embeddable":true,"href":"https:\/\/quicosenza.it\/news\/wp-json\/wp\/v2\/users\/55"}],"replies":[{"embeddable":true,"href":"https:\/\/quicosenza.it\/news\/wp-json\/wp\/v2\/comments?post=247986"}],"version-history":[{"count":0,"href":"https:\/\/quicosenza.it\/news\/wp-json\/wp\/v2\/posts\/247986\/revisions"}],"wp:featuredmedia":[{"embeddable":true,"href":"https:\/\/quicosenza.it\/news\/wp-json\/wp\/v2\/media\/247988"}],"wp:attachment":[{"href":"https:\/\/quicosenza.it\/news\/wp-json\/wp\/v2\/media?parent=247986"}],"wp:term":[{"taxonomy":"category","embeddable":true,"href":"https:\/\/quicosenza.it\/news\/wp-json\/wp\/v2\/categories?post=247986"},{"taxonomy":"post_tag","embeddable":true,"href":"https:\/\/quicosenza.it\/news\/wp-json\/wp\/v2\/tags?post=247986"}],"curies":[{"name":"wp","href":"https:\/\/api.w.org\/{rel}","templated":true}]}}