{"id":248915,"date":"2025-01-11T10:56:27","date_gmt":"2025-01-11T09:56:27","guid":{"rendered":"https:\/\/www.quicosenza.it\/news\/?p=248915"},"modified":"2025-01-11T10:56:27","modified_gmt":"2025-01-11T09:56:27","slug":"cosenza-mantova-rossoblu-a-un-bivio-nel-momento-piu-difficile-alvini-mercato-mi-fido-della-societa","status":"publish","type":"post","link":"https:\/\/quicosenza.it\/news\/cosenza-mantova-rossoblu-a-un-bivio-nel-momento-piu-difficile-alvini-mercato-mi-fido-della-societa\/","title":{"rendered":"Cosenza-Mantova: rossoblu a un bivio nel momento pi\u00f9 difficile. Alvini: \u201cmercato? Mi fido della societ\u00e0\u201d"},"content":{"rendered":"<p>COSENZA \u2013 Con al momento due cessioni e l\u2019ingaggio in prestito dell\u2019attaccante Gabriele Artistico (nella prima parte di stagione alla Juve Stabia) che vestir\u00e0 la maglia numero 9 lasciata libera da Sankoh, il Cosenza apre il 2025 con <strong>l\u2019ennesima importantissima sfida salvezza<\/strong>. Domani i lupi torneranno al &#8220;San Vito-Gigi Marulla<strong>&#8221; per affrontare il Mantova, in un una sfida complicatissima nel momento pi\u00f9 difficile e complesso degli ultimi 7 anni<\/strong>. Dopo 8 turni senza vittoria, l&#8217;ultimo posto che pesa come un macigno, e un\u2019intera tifoseria contro il patron Guarascio, i ragazzi di mister Alvini sono chiamati a dare tutto contro un avversario che, seppur in difficolt\u00e0 fuori casa, non va sottovalutato. <strong>Ricci, Strizzolo e Dalle Mura sono in forse per alcuni acciacchi fisici mentre mancher\u00e0 sicuramente Ciervo che si \u00e8 fermato ieri.<\/strong><\/p>\n<h3>Alvini &#8220;pronti a dare battaglia. Noi ci crediamo&#8221;<\/h3>\n<p>Il tecnico del Cosenza, nella conferenza stampa pre-gara, <strong>ha dribblato le domande di calciomercato e sulla questione societaria, concentrandosi solo sulla prossima gara:<\/strong> \u201cio vi capisco, ma vi dico che siamo totalmente concentrati sul campo. Ma noi ci crediamo, crediamo alla salvezza. <em>Sul mercato mi fido del direttore e della societ\u00e0. \u00c8 arrivato un calciatore gradito e di prospettiva. <strong>Artistico \u00e8 pronto per giocare non so se dal primo minuto o a gara in corso<\/strong>. La squadra sta bene e si \u00e8 allenata bene. L&#8217;atteggiamento di aggressivit\u00e0 e di voler interpretare la partita lo metter\u00e0 in campo anche domani, perch\u00e9 lo ha nel proprio DNA. <strong>Il gruppo ha voglia e l&#8217;energia giusta per trasferirla sperando al campo e ai nostri tifosi cercando di migliorare i nostri difetti<\/strong>. \u00a0<\/em><\/p>\n<p><strong>Una squadra che produce tantissimo ma finalizza poco?<\/strong><em> &#8220;I 21 punti compresa la penalizzazione sono un risultato pi\u00f9 che sufficiente guardano la qualit\u00e0 del gioco e la squadra: <strong>sapevamo delle difficolt\u00e0 nella crescita di alcuni calciator<\/strong>i, molti che approcciavano per la prima vota in Serie B. Certo \u00e8 un aspetto che va sicuramente migliorato. <strong>Contro il Sassuolo resta il rammarico per come \u00e8 maturata la sconfitta<\/strong> con quel finale. Ci abbiamo messo dentro nostro \u00e8 vero, ma merito va dato anche alla qualit\u00e0 del Sassuolo, altrimenti non sarebbe primo in classifica\u201d.<\/em><\/p>\n<h3>Mantova: un avversario metodico ma vulnerabile<\/h3>\n<p>Il Mantova di Davide Possanzini arriva in Calabria dopo <strong>una settimana di ritiro a Bardolino, dove ha lavorato intensamente a porte chiuse per preparare al meglio la sfida<\/strong>. Nonostante non abbiano ancora vinto in trasferta, i virgiliani sono in crescita, come dimostrano i tre pareggi ottenuti nelle ultime gare fuori casa. La squadra lombarda si distingue per un gioco organizzato, basato sul possesso palla (61,39% di media, il pi\u00f9 alto della Serie B) e su rapide transizioni. Il tecnico biancorosso spera di recuperare il regista Salvatore Burrai, figura chiave per il suo gioco, assente dal 30 novembre, e potr\u00e0 contare sui rientri di Brignani e Trimboli, squalificati nell\u2019ultimo turno.<\/p>\n<h3>Cosenza tra riscatto e il \u201ctab\u00f9 Marulla\u201d da sfatare<\/h3>\n<p>Per il Cosenza, il match contro il Mantova rappresenta <strong>un ennesimo crocevia della stagione<\/strong>. <strong>La vittoria al &#8220;Marulla&#8221; manca dallo scorso 15 settembre<\/strong>, quando i rossobl\u00f9 superarono la Sampdoria. Da allora, i punti raccolti sono stati pochi, troppo pochi per una squadra che cerca l\u2019ennesima impresa salvezza. Il Mantova dista sei punti: vincere significherebbe accorciare le distanze e accendere una scintilla in un ambiente che non ha mai smesso di sostenere questi ragazzi, nonostante le difficolt\u00e0 e la fiducia nella societ\u00e0 ai minimi storici. Domenica sar\u00e0 una battaglia: cuore, grinta e pragmatismo saranno gli <strong>ingredienti necessari per portare a casa tre punti pesantissimi<\/strong>.<\/p>\n","protected":false},"excerpt":{"rendered":"<p>COSENZA \u2013 Con al momento due cessioni e l\u2019ingaggio in prestito dell\u2019attaccante Gabriele Artistico (nella prima parte di stagione alla Juve Stabia) che vestir\u00e0 la maglia numero 9 lasciata libera da Sankoh, il Cosenza apre il 2025 con l\u2019ennesima importantissima sfida salvezza. Domani i lupi torneranno al &#8220;San Vito-Gigi Marulla&#8221; per affrontare il Mantova, in [&hellip;]<\/p>\n","protected":false},"author":24,"featured_media":239606,"comment_status":"closed","ping_status":"closed","sticky":false,"template":"","format":"standard","meta":{"_acf_changed":false,"footnotes":"","jetpack_publicize_message":"","jetpack_publicize_feature_enabled":true,"jetpack_social_post_already_shared":false,"jetpack_social_options":{"image_generator_settings":{"template":"highway","default_image_id":0,"font":"","enabled":false},"version":2}},"categories":[20],"tags":[19],"class_list":["post-248915","post","type-post","status-publish","format-standard","has-post-thumbnail","hentry","category-sport","tag-copertina"],"acf":[],"jetpack_publicize_connections":[],"_links":{"self":[{"href":"https:\/\/quicosenza.it\/news\/wp-json\/wp\/v2\/posts\/248915","targetHints":{"allow":["GET"]}}],"collection":[{"href":"https:\/\/quicosenza.it\/news\/wp-json\/wp\/v2\/posts"}],"about":[{"href":"https:\/\/quicosenza.it\/news\/wp-json\/wp\/v2\/types\/post"}],"author":[{"embeddable":true,"href":"https:\/\/quicosenza.it\/news\/wp-json\/wp\/v2\/users\/24"}],"replies":[{"embeddable":true,"href":"https:\/\/quicosenza.it\/news\/wp-json\/wp\/v2\/comments?post=248915"}],"version-history":[{"count":0,"href":"https:\/\/quicosenza.it\/news\/wp-json\/wp\/v2\/posts\/248915\/revisions"}],"wp:featuredmedia":[{"embeddable":true,"href":"https:\/\/quicosenza.it\/news\/wp-json\/wp\/v2\/media\/239606"}],"wp:attachment":[{"href":"https:\/\/quicosenza.it\/news\/wp-json\/wp\/v2\/media?parent=248915"}],"wp:term":[{"taxonomy":"category","embeddable":true,"href":"https:\/\/quicosenza.it\/news\/wp-json\/wp\/v2\/categories?post=248915"},{"taxonomy":"post_tag","embeddable":true,"href":"https:\/\/quicosenza.it\/news\/wp-json\/wp\/v2\/tags?post=248915"}],"curies":[{"name":"wp","href":"https:\/\/api.w.org\/{rel}","templated":true}]}}