{"id":248919,"date":"2025-01-11T12:00:28","date_gmt":"2025-01-11T11:00:28","guid":{"rendered":"https:\/\/www.quicosenza.it\/news\/?p=248919"},"modified":"2025-01-11T11:51:18","modified_gmt":"2025-01-11T10:51:18","slug":"alta-velocita-territorio-e-il-dramma-della-sanita-la-cgil-lancia-la-mobilitazione-e-attacca-occhiuto","status":"publish","type":"post","link":"https:\/\/quicosenza.it\/news\/alta-velocita-territorio-e-il-dramma-della-sanita-la-cgil-lancia-la-mobilitazione-e-attacca-occhiuto\/","title":{"rendered":"Alta velocit\u00e0, territorio e il dramma della sanit\u00e0. La CGIL lancia la mobilitazione e attacca Occhiuto"},"content":{"rendered":"<div dir=\"ltr\">\n<p class=\"MsoNormal\">COSENZA &#8211; &#8220;<em>Un nuovo anno si apre per la Calabria con l\u2019incancrenirsi di piaghe su cui da tempo come Cgil abbiamo sollevato l\u2019attenzione ottenendo risposte spesso scarne da parte della Regione<\/em>\u201d. Lo afferma il <strong>Segretario Generale Cgil Calabria Gianfranco Trotta<\/strong> che aggiunge: \u201c<em><strong>Ci tocca purtroppo dovere notare che a parte la presenza al Capodanno di Reggio, il presidente Occhiuto non ha ritenuto di doversi muovere o di intervenire sui fatti altamente drammatici di San Giovanni in Fiore e non solo<\/strong><\/em>\u201d.<\/p>\n<p class=\"MsoNormal\">\u201c<em>Nonostante le tragedie che da anni siamo costretti a vivere a causa della m<strong>ancanza di medici a bordo delle ambulanz<\/strong>e (ultima la morte a San Giovanni in Fiore di un 48enne), nonostante <strong>i tributi di sangue versati dai cittadini calabresi per le inadempienze del sistema sanitario,<\/strong> la carenza di personale, per liste d\u2019attesa con tempi fuori da qualunque ragionevole e utile possibilit\u00e0 di intervento sia in ambito emergenziale che di prevenzione, nonostante tutto ci\u00f2 si permette che l\u2019Asp di Cosenza segni il passo con quattro posti letto a pagamento, mentre all\u2019appello ne mancano nell\u2019area circa 300<\/em>\u201d, continua Trotta.<\/p>\n<p class=\"MsoNormal\"><strong>\u201c<\/strong><em><strong>La recente relazione annuale del garante regionale della Salute non ha fatto sconti<\/strong> e ha raccontato le percentuali drammatiche di carenze e falle che pesano come macigni sui cittadini e su un personale sanitario drammaticamente sotto numero. Eppure l\u2019Asp di Vibo aveva anche paventato l\u2019ipotesi di non rinnovare i contratti del personale infermieristico<\/em> \u2013 spiega ancora il Segretario -. Ci troviamo, insomma, di fronte ad <strong><em>un&#8217;angosciante epopea in cui si ha la sensazione che si scambino vicoli ciechi per vie d\u2019uscita<\/em><\/strong>\u201d.<\/p>\n<p class=\"MsoNormal\">Cgil Calabria punta l\u2019attenzione poi sulla m<strong>ancata realizzazione della nuova linea ferroviaria ad Alta Velocit\u00e0 Salerno-Reggio Calabria<\/strong>, un progetto che sembra essersi eclissato dai programmi del governo e delle Ferrovie dello Stato. \u201c<strong><em>Un investimento di oltre nove miliardi di euro, gi\u00e0 finanziato, non pu\u00f2 essere dimenticato<\/em><\/strong> \u2013 afferma Trotta &#8211; anche perch\u00e9 esiste uno\u00a0studio di fattibilit\u00e0 elaborato di recente dalla stessa RFI e costato all\u2019incirca 30 milioni di euro.\u00a0<em>La mancanza di chiarezza e la continua revisione dei programmi da parte del Governo non possono diventare un alibi per negare a una regione la possibilit\u00e0 di crescere<\/em>\u201d.<\/p>\n<p class=\"MsoNormal\">\u201cInoltre \u2013 continua \u2013 <em>l<strong>a chimera dell\u2019Alta Velocit\u00e0 si affianca ad un\u2019autostrada con continui lavori e chiusure<\/strong>, difficolt\u00e0 infrastrutturali e un territorio estremamente fragile dal punto di vista idrogeologico che non pu\u00f2 contare su un adeguato sistema di manutenzione<\/em>.<em> Due immagini rendono drammaticamente l\u2019idea dell\u2019immeritato grado di isolamento a cui la Calabria si sta convertendo. <strong>Da un lato l\u2019alluvione nel Lametino dello scorso ottobre, frutto di una mancata manutenzione del territorio che gi\u00e0 nel 2018 aveva mietuto tre vittime e il prolungarsi dei problemi di viabilit\u00e0 della localit\u00e0 coinvolte<\/strong>. Dall\u2019altro l\u2019impennata dei prezzi delle tariffe aeree per la Calabria nel periodo natalizio che hanno costretto migliaia di lavoratori e studenti fuori sede a non potere rientrare nella loro terra. Tutto questo nel silenzio del presidente Occhiuto<\/em>\u201d.<\/p>\n<p class=\"MsoNormal\">\u201cEcco perch\u00e9 \u2013 afferma Trotta &#8211; <em>\u00e8<strong> necessaria una grande mobilitazione regionale, in continuit\u00e0 con le manifestazioni gi\u00e0 avvenute nei territori,<\/strong> in cui rivendicheremo il diritto alla salute e alla cura all\u2019interno di una sanit\u00e0 pubblica realmente accessibile e universale e quello di vivere nella propria terra senza abdicare al diritto a curarsi, alla prevenzione, all\u2019assistenza. Presenteremo le nostre proposte e rivendicazioni perch\u00e9 non ci interessa costruire muri ma guardare al futuro!<\/em>\u201d<\/p>\n<\/div>\n<div><\/div>\n","protected":false},"excerpt":{"rendered":"<p>COSENZA &#8211; &#8220;Un nuovo anno si apre per la Calabria con l\u2019incancrenirsi di piaghe su cui da tempo come Cgil abbiamo sollevato l\u2019attenzione ottenendo risposte spesso scarne da parte della Regione\u201d. Lo afferma il Segretario Generale Cgil Calabria Gianfranco Trotta che aggiunge: \u201cCi tocca purtroppo dovere notare che a parte la presenza al Capodanno di [&hellip;]<\/p>\n","protected":false},"author":55,"featured_media":248920,"comment_status":"closed","ping_status":"closed","sticky":false,"template":"","format":"standard","meta":{"_acf_changed":false,"footnotes":"","jetpack_publicize_message":"","jetpack_publicize_feature_enabled":true,"jetpack_social_post_already_shared":false,"jetpack_social_options":{"image_generator_settings":{"template":"highway","default_image_id":0,"font":"","enabled":false},"version":2}},"categories":[17],"tags":[19],"class_list":["post-248919","post","type-post","status-publish","format-standard","has-post-thumbnail","hentry","category-calabria","tag-copertina"],"acf":[],"jetpack_publicize_connections":[],"_links":{"self":[{"href":"https:\/\/quicosenza.it\/news\/wp-json\/wp\/v2\/posts\/248919","targetHints":{"allow":["GET"]}}],"collection":[{"href":"https:\/\/quicosenza.it\/news\/wp-json\/wp\/v2\/posts"}],"about":[{"href":"https:\/\/quicosenza.it\/news\/wp-json\/wp\/v2\/types\/post"}],"author":[{"embeddable":true,"href":"https:\/\/quicosenza.it\/news\/wp-json\/wp\/v2\/users\/55"}],"replies":[{"embeddable":true,"href":"https:\/\/quicosenza.it\/news\/wp-json\/wp\/v2\/comments?post=248919"}],"version-history":[{"count":0,"href":"https:\/\/quicosenza.it\/news\/wp-json\/wp\/v2\/posts\/248919\/revisions"}],"wp:featuredmedia":[{"embeddable":true,"href":"https:\/\/quicosenza.it\/news\/wp-json\/wp\/v2\/media\/248920"}],"wp:attachment":[{"href":"https:\/\/quicosenza.it\/news\/wp-json\/wp\/v2\/media?parent=248919"}],"wp:term":[{"taxonomy":"category","embeddable":true,"href":"https:\/\/quicosenza.it\/news\/wp-json\/wp\/v2\/categories?post=248919"},{"taxonomy":"post_tag","embeddable":true,"href":"https:\/\/quicosenza.it\/news\/wp-json\/wp\/v2\/tags?post=248919"}],"curies":[{"name":"wp","href":"https:\/\/api.w.org\/{rel}","templated":true}]}}