{"id":25067,"date":"2013-08-07T08:22:00","date_gmt":"2013-08-07T06:22:00","guid":{"rendered":"https:\/\/www.quicosenza.it\/news\/?p=25067"},"modified":"2023-01-17T13:22:35","modified_gmt":"2023-01-17T12:22:35","slug":"10155-trasporti-nel-savuto-sistema-al-collasso","status":"publish","type":"post","link":"https:\/\/quicosenza.it\/news\/10155-trasporti-nel-savuto-sistema-al-collasso\/","title":{"rendered":"Trasporti nel Savuto: autisti senza stipendio, sistema al collasso"},"content":{"rendered":"<p style=\"text-align: justify;\">COSENZA &#8211;&nbsp;La sospensione dei servizi di Trasporto Pubblico Locale gestiti dalla Societ\u00e0 Fersav S.r.l. che sta&nbsp;marginalizzando l\u2019intera area del Savuto e quindi importanti comuni della provincia cosentina, rappresenta&nbsp;l\u2019ennesima lesione ai diritti dei cittadini di cui si rende autrice l\u2019attuale Giunta regionale.<\/p>\n<p>  <!--more-->  <\/p>\n<p style=\"text-align: justify;\">E\u2019 da oltre un mese oramai che ai cittadini di quell\u2019area \u00e8 negato il diritto alla mobilit\u00e0 che, lo ricordiamo ai&nbsp;governanti locali e in particolare al presidente della Giunta regionale della Calabria on. Scopelliti assiduamente&nbsp;presente al taglio di nastri, il diritto alla mobilit\u00e0 \u00e8 garantito dalla Costituzione repubblicana. Pensiamo sia giunto il momento di dire basta all\u2019ipocrisia che alberga nella politica regionale tutta, dove&nbsp;sembra che tutto vada bene e che non basta pi\u00f9 elargire sorrisi e autocelebrarsi, oppure proponendo una sterile&nbsp;opposizione, giusto per dire ci siamo anche noi.&nbsp;In una regione dove non ci sono pi\u00f9 certezze di diritti, dove la questione ambientale sta esplodendo, dove&nbsp;il diritto alla salute \u00e8 una chimera, dove l\u2019emergenza lavoro cresce di pari passo ad una condizione sociale&nbsp;disastrosa, giunta oramai al limite della sopportazione, la politica dimentica i suoi obblighi nei confronti degli&nbsp;amministrati facendo passare come effetti collaterali della crisi sistemica, la soppressione dei servizi minimi dovuti ai cittadini.&nbsp;In buona sostanza la politica di governo e di finta opposizione, approfitta della crisi per camuffare scelte fatte&nbsp;contro i cittadini. Poco importa allora, se i cittadini dei comuni di Malito, Belsito, Grimaldi, Aiello Calabro, Cleto, Savuto,&nbsp;Amantea nonch\u00e9 di alcune zone della periferia sud del comune di Cosenza, da oltre un mese sono costretti a&nbsp;utilizzare i mezzi privati per far fronte alle loro esigenze di mobilit\u00e0 creando ulteriori aggravi ai gi\u00e0 insufficienti&nbsp;redditi. Di chi \u00e8 la responsabilit\u00e0 di questo disagio? Chi dovrebbe garantire il diritto alla mobilit\u00e0 alle popolazioni di&nbsp;quell\u2019area?&nbsp;Cosa fanno l\u2019assessore ai Trasporti e Il presidente della Giunta regionale per risolvere il problema dei cittadini ? Come mai il consorzio Cometra S.r.l., titolare delle concessioni, non garantisce il contratto di servizio&nbsp;sottoscritto con la Regione Calabria riaffidando il servizio, e ovviamente il personale dipendente, ad altra&nbsp;impresa del consorzio? Forse si \u00e8 stati distratti dalla nomina del nuovo Cda e ci si \u00e8 dimenticati che a firmare il Contratto di servizio e a&nbsp;garantirne la sua attuazione \u00e8 il consorzio Cometra S.r.l. e non la societ\u00e0 Fersav S.r.l.? Un discorso a parte merita la situazione della Fersav S.r.l. che vede i dipendenti non percepire lo stipendio&nbsp;oramai da quattro mesi insieme alla quattordicesima mensilit\u00e0.&nbsp;Ricordiamo che Fersav \u00e8 una societ\u00e0 partecipata dalla Ferrovie della Calabria S.r.l. e quindi dalla Regione&nbsp;Calabria che, con la firma del trasferimento delle quote societarie di quest\u2019ultima detenute dal Ministero dei&nbsp;Trasporti alla Regione, avvenuto a novembre del 2012, ha, di fatto, acquisito anche le quote di partecipazione&nbsp;nella richiamata societ\u00e0.&nbsp;Servirebbe capire anche come sia stato possibile che una societ\u00e0 nata il 2006 sia riuscita nell\u2019impresa di realizzare un buco nel bilancio di oltre 1,4 mln di euro.&nbsp;Una cifra enorme considerato che si tratta di un\u2019azienda con soli cinquantadue dipendenti molti dei quali neo&nbsp;assunti e per il 90% di Operatori di esercizio. Possibile mai che chi ha gestito quest\u2019azienda, i Presidenti del Cda, gli Amministratori delegati e responsabili&nbsp;operativi non abbiano nulla da farsi perdonare? Una situazione grottesca ma allo stesso tempo tragica dove l\u2019attore principale in negativo \u00e8 la Regione Calabria&nbsp;che approfitta anche della debolezza politica dei sindaci dei comuni interessati e dell\u2019assenza dell\u2019assessore&nbsp;provinciale ai Trasporti Forciniti. Quest\u2019ultimo forse perch\u00e9 non informato sulla situazione, cosa questa che&nbsp;ci suonerebbe strana, considerato l\u2019importante ruolo rivestito da un famoso politico\/amministratore di Aiello&nbsp;Calabro, Franco Iacucci, storicamente molto vicino al Presidente Oliverio.&nbsp;Invitiamo la Regione Calabria a voler restituire ai cittadini immediatamente il diritto negato e gli amministratori,&nbsp;le associazioni e i cittadini di quella definita area a mobilitarsi a sostegno della vertenza a iniziare dall\u2019apertura&nbsp;di un tavolo presso la Provincia di Cosenza.<\/p>\n","protected":false},"excerpt":{"rendered":"<p>COSENZA &#8211;&nbsp;La sospensione dei servizi di Trasporto Pubblico Locale gestiti dalla Societ\u00e0 Fersav S.r.l. che sta&nbsp;marginalizzando l\u2019intera area del Savuto e quindi importanti comuni della provincia cosentina, rappresenta&nbsp;l\u2019ennesima lesione ai diritti dei cittadini di cui si rende autrice l\u2019attuale Giunta regionale.<\/p>\n","protected":false},"author":22,"featured_media":25068,"comment_status":"open","ping_status":"open","sticky":false,"template":"","format":"standard","meta":{"_acf_changed":false,"footnotes":"","jetpack_publicize_message":"","jetpack_publicize_feature_enabled":true,"jetpack_social_post_already_shared":false,"jetpack_social_options":{"image_generator_settings":{"template":"highway","default_image_id":0,"font":"","enabled":false},"version":2}},"categories":[548,28],"tags":[],"class_list":["post-25067","post","type-post","status-publish","format-standard","has-post-thumbnail","hentry","category-archivio-storico-news","category-provincia"],"acf":[],"jetpack_publicize_connections":[],"_links":{"self":[{"href":"https:\/\/quicosenza.it\/news\/wp-json\/wp\/v2\/posts\/25067","targetHints":{"allow":["GET"]}}],"collection":[{"href":"https:\/\/quicosenza.it\/news\/wp-json\/wp\/v2\/posts"}],"about":[{"href":"https:\/\/quicosenza.it\/news\/wp-json\/wp\/v2\/types\/post"}],"author":[{"embeddable":true,"href":"https:\/\/quicosenza.it\/news\/wp-json\/wp\/v2\/users\/22"}],"replies":[{"embeddable":true,"href":"https:\/\/quicosenza.it\/news\/wp-json\/wp\/v2\/comments?post=25067"}],"version-history":[{"count":0,"href":"https:\/\/quicosenza.it\/news\/wp-json\/wp\/v2\/posts\/25067\/revisions"}],"wp:featuredmedia":[{"embeddable":true,"href":"https:\/\/quicosenza.it\/news\/wp-json\/wp\/v2\/media\/25068"}],"wp:attachment":[{"href":"https:\/\/quicosenza.it\/news\/wp-json\/wp\/v2\/media?parent=25067"}],"wp:term":[{"taxonomy":"category","embeddable":true,"href":"https:\/\/quicosenza.it\/news\/wp-json\/wp\/v2\/categories?post=25067"},{"taxonomy":"post_tag","embeddable":true,"href":"https:\/\/quicosenza.it\/news\/wp-json\/wp\/v2\/tags?post=25067"}],"curies":[{"name":"wp","href":"https:\/\/api.w.org\/{rel}","templated":true}]}}