{"id":250719,"date":"2025-02-09T10:20:44","date_gmt":"2025-02-09T09:20:44","guid":{"rendered":"https:\/\/www.quicosenza.it\/news\/?p=250719"},"modified":"2025-02-09T10:31:18","modified_gmt":"2025-02-09T09:31:18","slug":"lamerigo-vespucci-la-nave-piu-bella-al-mondo-fara-tappa-in-calabria-sara-possibile-visitarla-gratis","status":"publish","type":"post","link":"https:\/\/quicosenza.it\/news\/lamerigo-vespucci-la-nave-piu-bella-al-mondo-fara-tappa-in-calabria-sara-possibile-visitarla-gratis\/","title":{"rendered":"L&#8217;Amerigo Vespucci, la nave pi\u00f9 bella del mondo, far\u00e0 tappa in Calabria. Sar\u00e0 possibile visitarla gratis"},"content":{"rendered":"<p>COSENZA &#8211; Anche per il T<strong>our Mediterraneo dell&#8217;Amerigo Vespucci<\/strong> &#8211; cos\u00ec come avvenuto nella fase oceanica &#8211; <strong>le visite a bordo della nave scuola della Marina Militare saranno completamente gratuite<\/strong> e<strong> le prenotazioni possibili solo attraverso le piattaforme<\/strong> e i canali di comunicazione ufficiali del Tour:<a href=\"http:\/\/www.tourvespucci.it\" target=\"_blank\" rel=\"noopener\"> il sito internet<\/a>\u00a0 e i profili social Instagram, Facebook, TikTok, LinkedIn, Youtube e X.<\/p>\n<h3>Amerigo Vespucci: tappa a Reggio Calabria dal 2 al 6 maggio<\/h3>\n<p>Il tour Mediterraneo prender\u00e0<strong> il via l&#8217;1 marzo da Trieste per toccare in totale 14 citt\u00e0 italiane e due all&#8217;estero, Durazzo e La Valletta<\/strong>. La nave scuola della Marina Militare a<strong>rriver\u00e0 anche nel porto di Reggio Calabria dove soster\u00e0 dal 2 al 6 maggio.\u00a0<\/strong>Il veliero \u00e8 di ritorno a casa dopo aver visitato in un anno e mezzo 5 continenti, 30 Paesi e 35 porti. I visitatori, inoltre, p<strong>otranno immergersi nel racconto della storica impresa attraverso il &#8220;Villaggio IN Italia&#8221;<\/strong> presente in ogni porto in cui ormegger\u00e0 la &#8220;nave pi\u00f9 bella del mondo&#8221;. \u00a0Le prenotazioni saranno disponibili a breve e ulteriori novit\u00e0 saranno comunicate sui profili social ufficiali. All&#8217;iniziativa &#8220;<strong>Tour Mediterraneo di nave <a href=\"https:\/\/quicosenza.it\/news\/provincia\/367261-lamerigo-vespucci-a-san-lucido-omaggiato-lex-marinaio-carbonelli-morto-di-covid\" target=\"_blank\" rel=\"noopener\">Amerigo Vespucci<\/a> e il Villaggio IN Italia<\/strong>&#8221; voluta dal ministro della Difesa Guido Crosetto aderiscono, con la Presidenza del Consiglio dei ministri, 12 ministeri ed \u00e8 realizzata da Difesa Servizi spa.<\/p>\n<p><a href=\"https:\/\/quicosenza.it\/news\/wp-content\/uploads\/2025\/02\/Amerigo-Vespucci1.jpg\"><img loading=\"lazy\" decoding=\"async\" class=\"wp-image-250721 aligncenter\" src=\"https:\/\/quicosenza.it\/news\/wp-content\/uploads\/2025\/02\/Amerigo-Vespucci1.jpg\" alt=\"Amerigo Vespucci1\" width=\"542\" height=\"339\" title=\"\" srcset=\"https:\/\/quicosenza.it\/news\/wp-content\/uploads\/2025\/02\/Amerigo-Vespucci1.jpg 735w, https:\/\/quicosenza.it\/news\/wp-content\/uploads\/2025\/02\/Amerigo-Vespucci1-300x187.jpg 300w, https:\/\/quicosenza.it\/news\/wp-content\/uploads\/2025\/02\/Amerigo-Vespucci1-673x420.jpg 673w, https:\/\/quicosenza.it\/news\/wp-content\/uploads\/2025\/02\/Amerigo-Vespucci1-150x94.jpg 150w, https:\/\/quicosenza.it\/news\/wp-content\/uploads\/2025\/02\/Amerigo-Vespucci1-696x435.jpg 696w\" sizes=\"auto, (max-width: 542px) 100vw, 542px\" \/><\/a><\/p>\n<h3>La nave scuola per l\u2019addestramento degli allievi ufficiali<\/h3>\n<p class=\"tmzr-el\">L\u2019<strong>Amerigo Vespucci<\/strong>\u00a0\u00e8 un veliero della\u00a0<strong>Marina Militare<\/strong>\u00a0costruito come nave scuola per l\u2019addestramento degli allievi ufficiali dei ruoli normali dell\u2019Accademia Navale. La decisione di costruire l\u2019Amerigo Vespucci venne assunta nel 1925, per sostituire l\u2019omonima nave scuola della classe\u00a0<strong>Flavio Gioia<\/strong>, un incrociatore a motore e a vela, ormai prossimo alla radiazione. La Vespucci fu progettata insieme alla gemella Cristoforo Colombo nel 1930 dall\u2019ingegnere Francesco Rotundi, tenente colonnello del Genio Navale e direttore dei cantieri navali di Castellammare di Stabia (Napoli).\u00a0La nave-scuola fu varata il\u00a0<strong>22 febbraio 1931<\/strong>\u00a0a Castellammare di Stabia. Part\u00ec completamente allestita il 2 luglio alla volta di Genova dove, il 1<strong>5 ottobre 193<\/strong>1, ricevette la bandiera di combattimento nelle mani del suo primo comandante, A<strong>ugusto Radicati di Marmorito<\/strong>. Il suo compito era quello di affiancare il Cristoforo Colombo nell\u2019attivit\u00e0 di addestramento e venne inquadrata nella Divisione Navi Scuola insieme alla Colombo e ad un\u2019altra nave minore, facendo varie crociere addestrative nel Mediterraneo e nell\u2019Atlantico; al termine della seconda guerra mondiale, per l\u2019effetto degli accordi internazionali, la Cristoforo Colombo dovette essere ceduta insieme ad altre unit\u00e0 all\u2019URSS, quale risarcimento dei danni di guerra.<\/p>\n","protected":false},"excerpt":{"rendered":"<p>COSENZA &#8211; Anche per il Tour Mediterraneo dell&#8217;Amerigo Vespucci &#8211; cos\u00ec come avvenuto nella fase oceanica &#8211; le visite a bordo della nave scuola della Marina Militare saranno completamente gratuite e le prenotazioni possibili solo attraverso le piattaforme e i canali di comunicazione ufficiali del Tour: il sito internet\u00a0 e i profili social Instagram, Facebook, [&hellip;]<\/p>\n","protected":false},"author":55,"featured_media":250720,"comment_status":"closed","ping_status":"closed","sticky":false,"template":"","format":"standard","meta":{"_acf_changed":false,"footnotes":"","jetpack_publicize_message":"","jetpack_publicize_feature_enabled":true,"jetpack_social_post_already_shared":false,"jetpack_social_options":{"image_generator_settings":{"template":"highway","default_image_id":0,"font":"","enabled":false},"version":2}},"categories":[17],"tags":[19],"class_list":["post-250719","post","type-post","status-publish","format-standard","has-post-thumbnail","hentry","category-calabria","tag-copertina"],"acf":[],"jetpack_publicize_connections":[],"_links":{"self":[{"href":"https:\/\/quicosenza.it\/news\/wp-json\/wp\/v2\/posts\/250719","targetHints":{"allow":["GET"]}}],"collection":[{"href":"https:\/\/quicosenza.it\/news\/wp-json\/wp\/v2\/posts"}],"about":[{"href":"https:\/\/quicosenza.it\/news\/wp-json\/wp\/v2\/types\/post"}],"author":[{"embeddable":true,"href":"https:\/\/quicosenza.it\/news\/wp-json\/wp\/v2\/users\/55"}],"replies":[{"embeddable":true,"href":"https:\/\/quicosenza.it\/news\/wp-json\/wp\/v2\/comments?post=250719"}],"version-history":[{"count":0,"href":"https:\/\/quicosenza.it\/news\/wp-json\/wp\/v2\/posts\/250719\/revisions"}],"wp:featuredmedia":[{"embeddable":true,"href":"https:\/\/quicosenza.it\/news\/wp-json\/wp\/v2\/media\/250720"}],"wp:attachment":[{"href":"https:\/\/quicosenza.it\/news\/wp-json\/wp\/v2\/media?parent=250719"}],"wp:term":[{"taxonomy":"category","embeddable":true,"href":"https:\/\/quicosenza.it\/news\/wp-json\/wp\/v2\/categories?post=250719"},{"taxonomy":"post_tag","embeddable":true,"href":"https:\/\/quicosenza.it\/news\/wp-json\/wp\/v2\/tags?post=250719"}],"curies":[{"name":"wp","href":"https:\/\/api.w.org\/{rel}","templated":true}]}}