{"id":251136,"date":"2025-02-09T09:30:02","date_gmt":"2025-02-09T08:30:02","guid":{"rendered":"https:\/\/www.quicosenza.it\/news\/?p=251136"},"modified":"2025-02-10T07:26:23","modified_gmt":"2025-02-10T06:26:23","slug":"amantea-in-fiamme-il-noto-lido-la-pecora-nera-beach-a-fine-gennaio-rinvenuta-una-tanica-di-benzina","status":"publish","type":"post","link":"https:\/\/quicosenza.it\/news\/amantea-in-fiamme-il-noto-lido-la-pecora-nera-beach-a-fine-gennaio-rinvenuta-una-tanica-di-benzina\/","title":{"rendered":"Amantea, in fiamme il noto lido &#8220;La pecora Nera beach&#8221;. A fine gennaio rinvenuta una tanica di benzina"},"content":{"rendered":"<p>AMANTEA &#8211; Un rogo di origine dolosa ha colpito la notte tra venerd\u00ec e sabato <strong>&#8220;La Pecora Nera beach&#8221; uno dei lidi turistici pi\u00f9 frequentati sul basso Tirreno<\/strong> cosentino, nel comune di Amantea, molto amato dai giovani. Ad essere colpite dalle fiamme <strong>i bagni e i depositi per le merci<\/strong>. I vigili del fuoco di Paola<strong> hanno domato subito le fiamme evitando che si propagassero ad altre parti della struttura<\/strong>.\u00a0Gli autori del gesto potrebbero essere gli stessi che a fine gennaio <strong>avevano lasciato una tanica di benzina con una miccia di innesco davanti il lido<\/strong>.<\/p>\n<p>Le indagini sono affidate<strong> a<\/strong>i carabinieri della stazione di Amantea coordinate dalla Compagnia di Paola. Nonostante la delusione e lo sconforto per quanto accaduto, <strong>i titolari hanno fatto sapere che continueranno<\/strong> <strong>nel loro progetto<\/strong>. Lo faranno senza nessun timore ad hanno ringraziato tutte le persone e i cittadini di Amantea che hanno espresso loro solidariet\u00e0.<br \/>\n<iframe loading=\"lazy\" style=\"border: none; overflow: hidden;\" src=\"https:\/\/www.facebook.com\/plugins\/post.php?href=https%3A%2F%2Fwww.facebook.com%2Fbeachvolleyamantea%2Fposts%2Fpfbid02SEVBMHpSkCAMTFTu7eL525ZCvu5DXCoB8jn2Abwr3S8pVhw1myvqo29hEm1Rhh27l&amp;show_text=true&amp;width=500\" width=\"500\" height=\"699\" frameborder=\"0\" scrolling=\"no\" allowfullscreen=\"allowfullscreen\"><\/iframe><\/p>\n<h3>Molinaro (FdI): &#8220;inaccettabili le intimidazioni e i danni al lido&#8221;<\/h3>\n<div>\u00abIn una terra dove la possibilit\u00e0 di attrarre risorse e fare impresa risulta prioritaria non pu\u00f2 e non deve passare sottotraccia, l\u2019episodio di vile arroganza perpetrato ai danni di una struttura balneare sulla costa tirrenica nel cosentino.\u00a0<strong>Provoca sgomento una situazione che pu\u00f2 diventare pericolosa quanto accaduto ad Amantea<\/strong>\u00a0e pi\u00f9 precisamente al Lido La Pecora Nera Beach a cui \u00e8 stato<strong> indirizzato un messaggio chiaro condito dalla distruzione del deposito e dei bagni contigui andati distrutti da un incendio\u00bb<\/strong>.<\/div>\n<div>\u00c8 quanto scrive in una nota <strong>Pietro Molinaro <\/strong>consigliere regionale e<strong> Presidente della Commissione Consiliare antindrangheta.<\/strong><\/div>\n<div><\/div>\n<div><img loading=\"lazy\" decoding=\"async\" class=\" wp-image-251174 aligncenter\" src=\"https:\/\/quicosenza.it\/news\/wp-content\/uploads\/2025\/02\/incendio-pecora-nera-02.jpg\" alt=\"incendio pecora nera 02\" width=\"572\" height=\"354\" title=\"\" srcset=\"https:\/\/quicosenza.it\/news\/wp-content\/uploads\/2025\/02\/incendio-pecora-nera-02.jpg 970w, https:\/\/quicosenza.it\/news\/wp-content\/uploads\/2025\/02\/incendio-pecora-nera-02-300x186.jpg 300w, https:\/\/quicosenza.it\/news\/wp-content\/uploads\/2025\/02\/incendio-pecora-nera-02-768x475.jpg 768w, https:\/\/quicosenza.it\/news\/wp-content\/uploads\/2025\/02\/incendio-pecora-nera-02-679x420.jpg 679w, https:\/\/quicosenza.it\/news\/wp-content\/uploads\/2025\/02\/incendio-pecora-nera-02-150x93.jpg 150w, https:\/\/quicosenza.it\/news\/wp-content\/uploads\/2025\/02\/incendio-pecora-nera-02-696x431.jpg 696w, https:\/\/quicosenza.it\/news\/wp-content\/uploads\/2025\/02\/incendio-pecora-nera-02-356x220.jpg 356w\" sizes=\"auto, (max-width: 572px) 100vw, 572px\" \/><\/div>\n<div><\/div>\n<div>\u00abC\u2019\u00e8 chi sta con la legalit\u00e0 e il rispetto dei beni comuni e chi invece, a danno dei cittadini, fa strage dei suoi valori e \u00a0delle strutture che operano per \u00a0sviluppare l\u2019offerta turistica.<br \/>\n<strong>Esprimo forte indignazione per quanto accaduto &#8211; <\/strong>scrive ancora il consigliere regionale di Fratelli D&#8217;Italia &#8211; e <strong>manifesto una ferma e totale condanna nei confronti di chi pensa di alterare il normale esercizio di impresa con atti di inaudita violenza<\/strong>. Un lido, una spiaggia. Il luogo ideale dove trascorrere il buon ritiro estivo per rilassarsi e apprezzare il nostro mare viene attenzionata in modo malvagio da incoscienti. Le indagini faranno il loro corso per capire quale \u00e8 la mano criminale. <strong>Sicuramente questa realt\u00e0 non verr\u00e0 fermata!<\/strong> Naturalmente <strong>i titolari potranno contare sul sostegno previsto dalle leggi nazionali e il mio impegno sar\u00e0 massimo per accelerare le procedure<\/strong>. Ai volti dei ragazzi che ho conosciuto &#8211; che con passione e determinazione impegnano le proprie energie migliori &#8211; mi piace rivolgere un messaggio speciale di vicinanza, ai quali va riconosciuto &#8211; conclude Molinaro &#8211; il senso piu\u0300 alto dell\u2019amicizia e della massima solidariet\u00e0 personale ed istituzionale\u00bb.<\/div>\n","protected":false},"excerpt":{"rendered":"<p>AMANTEA &#8211; Un rogo di origine dolosa ha colpito la notte tra venerd\u00ec e sabato &#8220;La Pecora Nera beach&#8221; uno dei lidi turistici pi\u00f9 frequentati sul basso Tirreno cosentino, nel comune di Amantea, molto amato dai giovani. Ad essere colpite dalle fiamme i bagni e i depositi per le merci. I vigili del fuoco di [&hellip;]<\/p>\n","protected":false},"author":55,"featured_media":251173,"comment_status":"closed","ping_status":"closed","sticky":false,"template":"","format":"standard","meta":{"_acf_changed":false,"footnotes":"","jetpack_publicize_message":"","jetpack_publicize_feature_enabled":true,"jetpack_social_post_already_shared":false,"jetpack_social_options":{"image_generator_settings":{"template":"highway","default_image_id":0,"font":"","enabled":false},"version":2}},"categories":[576],"tags":[19],"class_list":["post-251136","post","type-post","status-publish","format-standard","has-post-thumbnail","hentry","category-tirreno","tag-copertina"],"acf":[],"jetpack_publicize_connections":[],"_links":{"self":[{"href":"https:\/\/quicosenza.it\/news\/wp-json\/wp\/v2\/posts\/251136","targetHints":{"allow":["GET"]}}],"collection":[{"href":"https:\/\/quicosenza.it\/news\/wp-json\/wp\/v2\/posts"}],"about":[{"href":"https:\/\/quicosenza.it\/news\/wp-json\/wp\/v2\/types\/post"}],"author":[{"embeddable":true,"href":"https:\/\/quicosenza.it\/news\/wp-json\/wp\/v2\/users\/55"}],"replies":[{"embeddable":true,"href":"https:\/\/quicosenza.it\/news\/wp-json\/wp\/v2\/comments?post=251136"}],"version-history":[{"count":0,"href":"https:\/\/quicosenza.it\/news\/wp-json\/wp\/v2\/posts\/251136\/revisions"}],"wp:featuredmedia":[{"embeddable":true,"href":"https:\/\/quicosenza.it\/news\/wp-json\/wp\/v2\/media\/251173"}],"wp:attachment":[{"href":"https:\/\/quicosenza.it\/news\/wp-json\/wp\/v2\/media?parent=251136"}],"wp:term":[{"taxonomy":"category","embeddable":true,"href":"https:\/\/quicosenza.it\/news\/wp-json\/wp\/v2\/categories?post=251136"},{"taxonomy":"post_tag","embeddable":true,"href":"https:\/\/quicosenza.it\/news\/wp-json\/wp\/v2\/tags?post=251136"}],"curies":[{"name":"wp","href":"https:\/\/api.w.org\/{rel}","templated":true}]}}