{"id":253935,"date":"2025-03-22T14:00:58","date_gmt":"2025-03-22T13:00:58","guid":{"rendered":"https:\/\/www.quicosenza.it\/news\/?p=253935"},"modified":"2025-03-22T13:09:43","modified_gmt":"2025-03-22T12:09:43","slug":"casali-del-manco-lartista-assunta-mollo-inaugura-la-mostra-personale-il-corpo-delle-parole","status":"publish","type":"post","link":"https:\/\/quicosenza.it\/news\/casali-del-manco-lartista-assunta-mollo-inaugura-la-mostra-personale-il-corpo-delle-parole\/","title":{"rendered":"Casali del Manco: l&#8217;artista Assunta Mollo inaugura la mostra personale &#8220;Il corpo delle parole&#8221;"},"content":{"rendered":"<p>CASALI DEL MANCO (CS) &#8211; L\u2019artista calabrese Assunta Mollo inaugurer\u00e0 una personale nei suggestivi ed affascinati spazi della <strong>Casa Museo Gullo<\/strong> di Casali del Manco (Cs). Un\u2019importante mostra dal titolo \u201c<strong>Il corpo delle parole<\/strong>\u201d, curata da Antonella Bongarzone e Antonella Salatino, allestita <strong>dal 23 marzo al 5 maggio 2025<\/strong>, ripercorrer\u00e0 la tematica nevralgica dell\u2019artista cosentina che a mezzo di nuove immagini elabora diversi modi di definire il presente e di restituirlo come linguaggio.<\/p>\n<h4><strong>Le opere di Assunta Mollo<\/strong><\/h4>\n<p>Rappresentano una dimensione dove segno e combinazioni cromatiche stabiliscono connessioni con l\u2019immagine evocata, con una narrazione che sottolinea l\u2019energia di una concreta ed incontenibile raffigurazione. Una misura espressiva, quella della Mollo, senza condizionamenti e ripensamenti. Nulla \u00e8 affidato al caso o a un\u2019armoniosa piacevolezza ma si coglie, opera dopo opera, un discorso, una ricerca e l\u2019adesione a silhouettes femminili le cui anatomie sovvertono gli ordinari schemi di articolazione formale. Le opere in mostra invitano l\u2019osservatore alla percezione di ci\u00f2 che va al di l\u00e0 della parola umana e pu\u00f2 esprimersi solo nella natura, nella sua tensione metamorfica che \u00e8 principio del vivente, in quell\u2019idioletto segreto che solo la creazione artistica pu\u00f2 condividere.<\/p>\n<h4><strong>Assunta Mollo<\/strong><\/h4>\n<p>Nata nel 1962, gi\u00e0 insegnante di matematica presso l\u2019Istituto Tecnico Commerciale e per Geometri di Cosenza, vive ed opera nella localit\u00e0 Macchia di Casali del Manco (Cs).<br \/>\nDiverse sono state le occasioni in cui l\u2019artista ha esposto le sue tele. Tra le pi\u00f9 significative si ricordano le personali Curare ad Arte (2012) presso il Palazzo San Bernardino di Rossano, Il Palpito dell\u2019Esistenza (2013) presso Museo delle Arti e dei Mestieri (MAM) di Cosenza, Curare ad Arte 2 (2014) presso Museo Archeologico della Sibaritide e Unica (2016) presso il Museo del Presente di Cosenza, Donne in divenire (2018) presso Museo Multimediale \u201cCosenza Itinera\u201d Villa Rendano (Cosenza). Tra la collettive si ricordano Rotary Arte (2013) presso Palazzo Arnone (Cosenza), prima classificata al contest Geni Comuni (2015) presso il Museo del Presente di Cosenza, New Entry \/ Acquisizioni recenti (2017) presso il Museo d\u2019Arte dell\u2019Ottocento e Novecento (MAON) di Rende, Biennale della Magna Graecia (2017), Collegio di Sant\u2019Adriano San Demetrio Corone, L\u00e0 dove cade l\u2019ombra (2024) presso i Museo dei Bretti e degli Enotri di Cosenza e Tornare @Itaca edizioni 2015, 2016 , 2017, 2018, 2019 e 2024.<\/p>\n","protected":false},"excerpt":{"rendered":"<p>CASALI DEL MANCO (CS) &#8211; L\u2019artista calabrese Assunta Mollo inaugurer\u00e0 una personale nei suggestivi ed affascinati spazi della Casa Museo Gullo di Casali del Manco (Cs). Un\u2019importante mostra dal titolo \u201cIl corpo delle parole\u201d, curata da Antonella Bongarzone e Antonella Salatino, allestita dal 23 marzo al 5 maggio 2025, ripercorrer\u00e0 la tematica nevralgica dell\u2019artista cosentina [&hellip;]<\/p>\n","protected":false},"author":42,"featured_media":253937,"comment_status":"closed","ping_status":"closed","sticky":false,"template":"","format":"standard","meta":{"_acf_changed":false,"footnotes":"","jetpack_publicize_message":"","jetpack_publicize_feature_enabled":true,"jetpack_social_post_already_shared":false,"jetpack_social_options":{"image_generator_settings":{"template":"highway","default_image_id":0,"font":"","enabled":false},"version":2}},"categories":[28],"tags":[],"class_list":["post-253935","post","type-post","status-publish","format-standard","has-post-thumbnail","hentry","category-provincia"],"acf":[],"jetpack_publicize_connections":[],"_links":{"self":[{"href":"https:\/\/quicosenza.it\/news\/wp-json\/wp\/v2\/posts\/253935","targetHints":{"allow":["GET"]}}],"collection":[{"href":"https:\/\/quicosenza.it\/news\/wp-json\/wp\/v2\/posts"}],"about":[{"href":"https:\/\/quicosenza.it\/news\/wp-json\/wp\/v2\/types\/post"}],"author":[{"embeddable":true,"href":"https:\/\/quicosenza.it\/news\/wp-json\/wp\/v2\/users\/42"}],"replies":[{"embeddable":true,"href":"https:\/\/quicosenza.it\/news\/wp-json\/wp\/v2\/comments?post=253935"}],"version-history":[{"count":0,"href":"https:\/\/quicosenza.it\/news\/wp-json\/wp\/v2\/posts\/253935\/revisions"}],"wp:featuredmedia":[{"embeddable":true,"href":"https:\/\/quicosenza.it\/news\/wp-json\/wp\/v2\/media\/253937"}],"wp:attachment":[{"href":"https:\/\/quicosenza.it\/news\/wp-json\/wp\/v2\/media?parent=253935"}],"wp:term":[{"taxonomy":"category","embeddable":true,"href":"https:\/\/quicosenza.it\/news\/wp-json\/wp\/v2\/categories?post=253935"},{"taxonomy":"post_tag","embeddable":true,"href":"https:\/\/quicosenza.it\/news\/wp-json\/wp\/v2\/tags?post=253935"}],"curies":[{"name":"wp","href":"https:\/\/api.w.org\/{rel}","templated":true}]}}