{"id":254291,"date":"2025-03-23T14:20:09","date_gmt":"2025-03-23T13:20:09","guid":{"rendered":"https:\/\/www.quicosenza.it\/news\/?p=254291"},"modified":"2025-03-23T14:21:29","modified_gmt":"2025-03-23T13:21:29","slug":"dal-parco-archeologico-di-laos-alla-torre-talao-di-scalea-una-giornata-promossa-da-vas","status":"publish","type":"post","link":"https:\/\/quicosenza.it\/news\/dal-parco-archeologico-di-laos-alla-torre-talao-di-scalea-una-giornata-promossa-da-vas\/","title":{"rendered":"Dal parco archeologico di Laos alla Torre Talao di Scalea, una giornata promossa da VAS"},"content":{"rendered":"<p>COSENZA &#8211; Verdi, Ambiente e Societ\u00e0 ha promosso una giornata dedicata alla scoperta del parco archeologico di Laos, del castello di San Michele a Santa Maria del Cedro e infine alla Torre Talao di Scalea. Il ritrovo \u00e8 previsto alle ore 9,00 a Quattromiglia di Rende, nel parcheggio alla villetta Giorcelli. Partenza con la propria automobile e arrivo previsto per le ore 10,30 al Parco Archeologico dell\u2019antica citt\u00e0 di Laos, situato presso la frazione Marcellina di Santa Maria del Cedro (Cs). Il gruppo sar\u00e0 accolto dall\u2019archeologa, dott.ssa Maria Eva Benvenuto, che ci far\u00e0 visitare il sito archeologico.<\/p>\n<p>Il <strong>Parco Archeologico di Laos<\/strong> copre un\u2019area di <strong>circa 60 ettari e costituisce l\u2019area di maggiore interesse storico-culturale dell\u2019intero territorio dell\u2019Alto Tirreno Cosentino<\/strong>. Secondo lo storico greco Erodoto, gli abitanti di Sibari scampati alla distruzione della citt\u00e0 fondarono Laos, in corrispondenza delle foci dei fiumi Lao ed Abatemarco. Successivamente, la citt\u00e0 viene conquistata dai Lucani. Gli scavi effettuati sulla collina di San Bartolo di Marcellina hanno messo in luce i resti di un insediamento di fase tardo-classica ed ellenistica, identificabile quindi con una Laos lucana.<\/p>\n<p>Dopo la vista al Parco archeologico di Laos l\u2019escursione continua con la <strong>visita al Castello di San Michele<\/strong> (o dell\u2019Abatemarco);\u00a0un castello normanno sito nel comune di Santa Maria del Cedro, nel cosentino. Il nome principale deriva dalla vicinanza alla chiesa dedicata all&#8217;omonimo santo. La rocca su cui sorge il Castello fu conquistato dai Normanni nel 1060; in seguito a questo insediamento i monaci basiliani vi vollero edificare un&#8217;abbazia che fosse un&#8217;importante sede del loro ordine. Col passaggio al Monachesimo Benedettino, l&#8217;abbazia rappresent\u00f2 un importante punto di contatto con le altre abbazie, quale quella di Montecassino.<\/p>\n<p><img loading=\"lazy\" decoding=\"async\" class=\" wp-image-254303 aligncenter\" src=\"https:\/\/quicosenza.it\/news\/wp-content\/uploads\/2025\/03\/Santa-Maria-Del-Cedro-Castello-San-Michele.jpg\" alt=\"\" width=\"455\" height=\"282\" title=\"\" srcset=\"https:\/\/quicosenza.it\/news\/wp-content\/uploads\/2025\/03\/Santa-Maria-Del-Cedro-Castello-San-Michele.jpg 970w, https:\/\/quicosenza.it\/news\/wp-content\/uploads\/2025\/03\/Santa-Maria-Del-Cedro-Castello-San-Michele-300x186.jpg 300w, https:\/\/quicosenza.it\/news\/wp-content\/uploads\/2025\/03\/Santa-Maria-Del-Cedro-Castello-San-Michele-768x475.jpg 768w, https:\/\/quicosenza.it\/news\/wp-content\/uploads\/2025\/03\/Santa-Maria-Del-Cedro-Castello-San-Michele-679x420.jpg 679w, https:\/\/quicosenza.it\/news\/wp-content\/uploads\/2025\/03\/Santa-Maria-Del-Cedro-Castello-San-Michele-150x93.jpg 150w, https:\/\/quicosenza.it\/news\/wp-content\/uploads\/2025\/03\/Santa-Maria-Del-Cedro-Castello-San-Michele-696x431.jpg 696w, https:\/\/quicosenza.it\/news\/wp-content\/uploads\/2025\/03\/Santa-Maria-Del-Cedro-Castello-San-Michele-356x220.jpg 356w\" sizes=\"auto, (max-width: 455px) 100vw, 455px\" \/><\/p>\n<p>Dopo la sosta per il pranzo, nel primo pomeriggio \u00e8 prevista la visita alla <strong>Fabbrica di Liquori Artigianali \u201cAulicino\u201d di Santa Maria del Cedro,<\/strong> in cui sar\u00e0 possibile degustare i liquori e i prodotti a base di cedro. Infine, tempo permettendo, \u00e8 prevista una visita della Torre Talao di Scalea e del suo centro storico. Torre Talao \u00e8 una torre costiera risalente al XVI secolo; si trova nel comune di Scalea ed \u00e8 un esempio di architettura militare aragonese nell&#8217;Italia meridionale. La torre fu fatta edificare nel 1563 da Pedro Af\u00e1n de Ribera d&#8217;Alcal\u00e0, vicer\u00e9 del regno di Napoli.\u00a0Il rientro a Cosenza \u00e8 previsto per le ore 19,30.<\/p>\n<p><img loading=\"lazy\" decoding=\"async\" class=\" wp-image-254304 aligncenter\" src=\"https:\/\/quicosenza.it\/news\/wp-content\/uploads\/2025\/03\/torre-talao-scalea.jpg\" alt=\"\" width=\"515\" height=\"319\" title=\"\" srcset=\"https:\/\/quicosenza.it\/news\/wp-content\/uploads\/2025\/03\/torre-talao-scalea.jpg 970w, https:\/\/quicosenza.it\/news\/wp-content\/uploads\/2025\/03\/torre-talao-scalea-300x186.jpg 300w, https:\/\/quicosenza.it\/news\/wp-content\/uploads\/2025\/03\/torre-talao-scalea-768x475.jpg 768w, https:\/\/quicosenza.it\/news\/wp-content\/uploads\/2025\/03\/torre-talao-scalea-679x420.jpg 679w, https:\/\/quicosenza.it\/news\/wp-content\/uploads\/2025\/03\/torre-talao-scalea-150x93.jpg 150w, https:\/\/quicosenza.it\/news\/wp-content\/uploads\/2025\/03\/torre-talao-scalea-696x431.jpg 696w, https:\/\/quicosenza.it\/news\/wp-content\/uploads\/2025\/03\/torre-talao-scalea-356x220.jpg 356w\" sizes=\"auto, (max-width: 515px) 100vw, 515px\" \/><\/p>\n<p>Il costo totale \u00e8 di 35 euro a persona per i soci VAS (40 euro per i non soci) e include:<br \/>\nguida al Parco Archeologico e al Castello; pranzo in ristorante; ingresso Torre Talao.<br \/>\nIl pranzo al ristorante \u201cLago La Moretta\u201d di Marcellina \u00e8 composto da: un antipasto della casa, assaggio di due primi piatti, vino, acqua, frutta di stagione, caff\u00e8.<\/p>\n","protected":false},"excerpt":{"rendered":"<p>COSENZA &#8211; Verdi, Ambiente e Societ\u00e0 ha promosso una giornata dedicata alla scoperta del parco archeologico di Laos, del castello di San Michele a Santa Maria del Cedro e infine alla Torre Talao di Scalea. Il ritrovo \u00e8 previsto alle ore 9,00 a Quattromiglia di Rende, nel parcheggio alla villetta Giorcelli. Partenza con la propria [&hellip;]<\/p>\n","protected":false},"author":42,"featured_media":254302,"comment_status":"closed","ping_status":"closed","sticky":false,"template":"","format":"standard","meta":{"_acf_changed":false,"footnotes":"","jetpack_publicize_message":"","jetpack_publicize_feature_enabled":true,"jetpack_social_post_already_shared":false,"jetpack_social_options":{"image_generator_settings":{"template":"highway","default_image_id":0,"font":"","enabled":false},"version":2}},"categories":[576],"tags":[],"class_list":["post-254291","post","type-post","status-publish","format-standard","has-post-thumbnail","hentry","category-tirreno"],"acf":[],"jetpack_publicize_connections":[],"_links":{"self":[{"href":"https:\/\/quicosenza.it\/news\/wp-json\/wp\/v2\/posts\/254291","targetHints":{"allow":["GET"]}}],"collection":[{"href":"https:\/\/quicosenza.it\/news\/wp-json\/wp\/v2\/posts"}],"about":[{"href":"https:\/\/quicosenza.it\/news\/wp-json\/wp\/v2\/types\/post"}],"author":[{"embeddable":true,"href":"https:\/\/quicosenza.it\/news\/wp-json\/wp\/v2\/users\/42"}],"replies":[{"embeddable":true,"href":"https:\/\/quicosenza.it\/news\/wp-json\/wp\/v2\/comments?post=254291"}],"version-history":[{"count":0,"href":"https:\/\/quicosenza.it\/news\/wp-json\/wp\/v2\/posts\/254291\/revisions"}],"wp:featuredmedia":[{"embeddable":true,"href":"https:\/\/quicosenza.it\/news\/wp-json\/wp\/v2\/media\/254302"}],"wp:attachment":[{"href":"https:\/\/quicosenza.it\/news\/wp-json\/wp\/v2\/media?parent=254291"}],"wp:term":[{"taxonomy":"category","embeddable":true,"href":"https:\/\/quicosenza.it\/news\/wp-json\/wp\/v2\/categories?post=254291"},{"taxonomy":"post_tag","embeddable":true,"href":"https:\/\/quicosenza.it\/news\/wp-json\/wp\/v2\/tags?post=254291"}],"curies":[{"name":"wp","href":"https:\/\/api.w.org\/{rel}","templated":true}]}}